{"id":486,"date":"2023-06-28T16:52:07","date_gmt":"2023-06-28T16:52:07","guid":{"rendered":"https:\/\/radiocresatelital.com\/?p=486"},"modified":"2023-06-28T16:52:07","modified_gmt":"2023-06-28T16:52:07","slug":"junta-de-beneficencia-en-convenio-con-el-mies-implementa-programa-juntando-suenos-en-todas-las-casas-de-acogida-del-pais","status":"publish","type":"post","link":"https:\/\/radiocresatelital.com\/?p=486","title":{"rendered":"Junta de Beneficencia en convenio con el MIES implementa Programa Juntando Sue\u00f1os en todas las casas de acogida del pa\u00eds"},"content":{"rendered":"<p>Guayaquil.- En el Ecuador m\u00e1s de 2200 ni\u00f1os, ni\u00f1as y adolescentes viven en casas de acogida (hogares temporales) como consecuencia del abandono, maltrato o negligencia. Por cada a\u00f1o que viven institucionalizados pierden 4 meses en su desarrollo f\u00edsico y emocional. Por otro lado, m\u00e1s del 60% de los ni\u00f1os y j\u00f3venes en acogimiento institucional superan los 12 a\u00f1os y sus probabilidades de tener una familia se disminuyen conforme pasa el tiempo.<\/p>\n<p>En este contexto, la Junta de Beneficencia (JBG) que, desde hace 135 a\u00f1os brinda asistencia social en salud, educaci\u00f3n e inclusi\u00f3n de ni\u00f1as y adultos mayores en condiciones de vulnerabilidad, suscribir\u00e1 un convenio de cooperaci\u00f3n interinstitucional con el Ministerio de Inclusi\u00f3n Econ\u00f3mica y Social, para implementar el programa \u201cJuntando Sue\u00f1os\u201d en todas las casas de acogida a nivel nacional, el cual tiene como objetivo intervenir en SALUD MENTAL, SALUD PREVENTIVA y en la construcci\u00f3n de un PLAN DE AUTONOM\u00cdA PARA LA VIDA para los adolescentes que superen los 15 a\u00f1os.<\/p>\n<p>En SALUD MENTAL, el Instituto de Neurociencias realizar\u00e1 un diagn\u00f3stico base de cada ni\u00f1o y adolescente. Se identificar\u00e1 sus necesidades para desarrollar los tratamientos que correspondan y se formar\u00e1n a los profesionales de las distintas casas de acogida sobre criterios de vanguardia en el abordaje de la salud mental en ni\u00f1ez y adolescencia.<\/p>\n<p>En SALUD PREVENTIVA ODONTOL\u00d3GICA, los equipos de odont\u00f3logos de la Junta realizar\u00e1n un diagn\u00f3stico integral y 5 procedimientos resolutivos para a efectos de evitar patolog\u00edas bucales en todos los ni\u00f1os y j\u00f3venes que puedan incidir en su crecimiento y desarrollo cognitivo.<\/p>\n<p>CON EL PLAN DE AUTONOM\u00cdA PARA LA VIDA, se construir\u00e1 con cada uno de los adolescentes a partir de los 15 a\u00f1os su plan de futuro, bajo tutor\u00edas que les permitir\u00e1n prepararse y desarrollar habilidades para la transici\u00f3n a la autonom\u00eda social y econ\u00f3mica.<\/p>\n<p>El convenio lo suscribe Juan Xavier Cordovez, director de la JBG y el Ministro de Inclusi\u00f3n Econ\u00f3mica y Social Esteban Bernal, este jueves 29 de junio a las 10h30 en las oficinas de la JBG, ubicada en V\u00e9lez 109 y Pedro Carbo.<\/p>\n","protected":false},"excerpt":{"rendered":"<p>Guayaquil.- En el Ecuador m\u00e1s de 2200 ni\u00f1os, ni\u00f1as y adolescentes viven en casas de acogida (hogares temporales) como consecuencia del abandono, maltrato o negligencia. Por cada a\u00f1o que viven institucionalizados pierden 4 meses en su desarrollo f\u00edsico y emocional. Por otro lado, m\u00e1s del 60% de los ni\u00f1os y j\u00f3venes en acogimiento institucional superan [&hellip;]<\/p>\n","protected":false},"author":2,"featured_media":487,"comment_status":"open","ping_status":"closed","sticky":false,"template":"","format":"standard","meta":{"_jetpack_memberships_contains_paid_content":false,"footnotes":""},"categories":[13],"tags":[121],"class_list":["post-486","post","type-post","status-publish","format-standard","has-post-thumbnail","hentry","category-noticias-nacionales","tag-junta-de-beneficencia-de-guayaquil"],"jetpack_featured_media_url":"https:\/\/radiocresatelital.com\/wp-content\/uploads\/2023\/06\/a4033991-logo-jbg_08n02n08n02n000000.gif","jetpack_sharing_enabled":true,"_links":{"self":[{"href":"https:\/\/radiocresatelital.com\/index.php?rest_route=\/wp\/v2\/posts\/486","targetHints":{"allow":["GET"]}}],"collection":[{"href":"https:\/\/radiocresatelital.com\/index.php?rest_route=\/wp\/v2\/posts"}],"about":[{"href":"https:\/\/radiocresatelital.com\/index.php?rest_route=\/wp\/v2\/types\/post"}],"author":[{"embeddable":true,"href":"https:\/\/radiocresatelital.com\/index.php?rest_route=\/wp\/v2\/users\/2"}],"replies":[{"embeddable":true,"href":"https:\/\/radiocresatelital.com\/index.php?rest_route=%2Fwp%2Fv2%2Fcomments&post=486"}],"version-history":[{"count":1,"href":"https:\/\/radiocresatelital.com\/index.php?rest_route=\/wp\/v2\/posts\/486\/revisions"}],"predecessor-version":[{"id":488,"href":"https:\/\/radiocresatelital.com\/index.php?rest_route=\/wp\/v2\/posts\/486\/revisions\/488"}],"wp:featuredmedia":[{"embeddable":true,"href":"https:\/\/radiocresatelital.com\/index.php?rest_route=\/wp\/v2\/media\/487"}],"wp:attachment":[{"href":"https:\/\/radiocresatelital.com\/index.php?rest_route=%2Fwp%2Fv2%2Fmedia&parent=486"}],"wp:term":[{"taxonomy":"category","embeddable":true,"href":"https:\/\/radiocresatelital.com\/index.php?rest_route=%2Fwp%2Fv2%2Fcategories&post=486"},{"taxonomy":"post_tag","embeddable":true,"href":"https:\/\/radiocresatelital.com\/index.php?rest_route=%2Fwp%2Fv2%2Ftags&post=486"}],"curies":[{"name":"wp","href":"https:\/\/api.w.org\/{rel}","templated":true}]}}