{"id":48419,"date":"2026-03-02T17:53:53","date_gmt":"2026-03-02T17:53:53","guid":{"rendered":"https:\/\/radiocresatelital.com\/?p=48419"},"modified":"2026-03-02T20:57:33","modified_gmt":"2026-03-02T20:57:33","slug":"planta-de-pinturas-mas-innovadora-de-latinoamerica-opera-en-ecuador-con-una-inversion-de-usd-15-millones","status":"publish","type":"post","link":"https:\/\/radiocresatelital.com\/?p=48419","title":{"rendered":"Planta de Pinturas m\u00e1s innovadora de Latinoam\u00e9rica opera en Ecuador con una inversi\u00f3n de USD 15 millones"},"content":{"rendered":"<p>Quito.- Ecuador marca un nuevo hito en el desarrollo industrial de la regi\u00f3n con la puesta en marcha de la planta de pinturas m\u00e1s innovadora de Latinoam\u00e9rica, una infraestructura de clase mundial que opera en el pa\u00eds gracias a una inversi\u00f3n aproximada de USD 15 millones, consolidando al sector industrial ecuatoriano como referente regional en innovaci\u00f3n, sostenibilidad y tecnolog\u00eda.<\/p>\n<p>La nueva planta de Wesco, perteneciente al grupo KREAR, est\u00e1 ubicada en el sector de Caspigas\u00ed del Carmen, entre la Mitad del Mundo y Calacal\u00ed. Dise\u00f1ada desde cero bajo est\u00e1ndares norteamericanos y europeos, la planta cuenta con una capacidad de producci\u00f3n aproximada de 14 millones de litros de pintura anuales, lo que permite triplicar la capacidad operativa de la compa\u00f1\u00eda y responder de manera eficiente a la creciente demanda del mercado nacional e internacional.<\/p>\n<p>En esta moderna instalaci\u00f3n se fabrican pinturas arquitect\u00f3nicas, recubrimientos para el sector metalmec\u00e1nico, productos para madera, acabados automotrices, pinturas industriales y recubrimientos electrost\u00e1ticos, atendiendo a m\u00faltiples industrias con altos est\u00e1ndares de calidad y tecnolog\u00eda de vanguardia.<\/p>\n<p>Uno de los principales diferenciadores de esta infraestructura es su enfoque en sostenibilidad. La planta es la primera planta industrial del pa\u00eds en obtener la certificaci\u00f3n internacional EDGE Zero Carbon, que reconoce construcciones con altos niveles de eficiencia energ\u00e9tica, ahorro de agua y reducci\u00f3n del impacto ambiental. Adem\u00e1s, incorpora una planta fotovoltaica para la producci\u00f3n de energ\u00eda limpia, sistemas avanzados de reutilizaci\u00f3n y tratamiento de agua, as\u00ed como una gesti\u00f3n integral de desechos bajo un modelo de producci\u00f3n circular.<\/p>\n<p>En t\u00e9rminos de innovaci\u00f3n, la planta integra tecnolog\u00eda que permite producir lotes de m\u00e1s de 10.000 litros de pintura en apenas dos horas, optimizando tiempos, reduciendo desperdicios y mejorando la eficiencia operativa, ya que todo el proceso se realiza directamente en los envases finales del producto.<\/p>\n<p>El impacto de esta inversi\u00f3n trasciende lo industrial. La planta genera alrededor de 100 empleos directos y m\u00e1s de 400 empleos indirectos, dinamizando la econom\u00eda local y aportando al desarrollo social de una zona con alta demanda de empleo digno y oportunidades productivas.<\/p>\n<p>Para Wesco, esta apertura representa un paso estrat\u00e9gico clave en su visi\u00f3n de crecimiento, innovaci\u00f3n y excelencia operativa. Para el grupo Pintulac, consolida una integraci\u00f3n vertical que fortalece su autonom\u00eda en la cadena de suministro, acelera el desarrollo de nuevos productos y reafirma su compromiso con la calidad, la sostenibilidad y el desarrollo del pa\u00eds.<\/p>\n<p>Con esta infraestructura, Ecuador no solo alberga la planta de pinturas m\u00e1s grande de Latinoam\u00e9rica, sino que se proyecta como un hub industrial regional, reforzando la visi\u00f3n del grupo de convertirse en la marca l\u00edder del sector en la regi\u00f3n hacia el a\u00f1o 2030.<\/p>\n","protected":false},"excerpt":{"rendered":"<p>Quito.- Ecuador marca un nuevo hito en el desarrollo industrial de la regi\u00f3n con la puesta en marcha de la planta de pinturas m\u00e1s innovadora de Latinoam\u00e9rica, una infraestructura de clase mundial que opera en el pa\u00eds gracias a una inversi\u00f3n aproximada de USD 15 millones, consolidando al sector industrial ecuatoriano como referente regional en [&hellip;]<\/p>\n","protected":false},"author":2,"featured_media":48422,"comment_status":"open","ping_status":"closed","sticky":false,"template":"","format":"standard","meta":{"_jetpack_memberships_contains_paid_content":false,"footnotes":""},"categories":[13],"tags":[7955],"class_list":["post-48419","post","type-post","status-publish","format-standard","has-post-thumbnail","hentry","category-noticias-nacionales","tag-wesco"],"jetpack_featured_media_url":"https:\/\/radiocresatelital.com\/wp-content\/uploads\/2026\/03\/casa.webp","jetpack_sharing_enabled":true,"_links":{"self":[{"href":"https:\/\/radiocresatelital.com\/index.php?rest_route=\/wp\/v2\/posts\/48419","targetHints":{"allow":["GET"]}}],"collection":[{"href":"https:\/\/radiocresatelital.com\/index.php?rest_route=\/wp\/v2\/posts"}],"about":[{"href":"https:\/\/radiocresatelital.com\/index.php?rest_route=\/wp\/v2\/types\/post"}],"author":[{"embeddable":true,"href":"https:\/\/radiocresatelital.com\/index.php?rest_route=\/wp\/v2\/users\/2"}],"replies":[{"embeddable":true,"href":"https:\/\/radiocresatelital.com\/index.php?rest_route=%2Fwp%2Fv2%2Fcomments&post=48419"}],"version-history":[{"count":2,"href":"https:\/\/radiocresatelital.com\/index.php?rest_route=\/wp\/v2\/posts\/48419\/revisions"}],"predecessor-version":[{"id":48423,"href":"https:\/\/radiocresatelital.com\/index.php?rest_route=\/wp\/v2\/posts\/48419\/revisions\/48423"}],"wp:featuredmedia":[{"embeddable":true,"href":"https:\/\/radiocresatelital.com\/index.php?rest_route=\/wp\/v2\/media\/48422"}],"wp:attachment":[{"href":"https:\/\/radiocresatelital.com\/index.php?rest_route=%2Fwp%2Fv2%2Fmedia&parent=48419"}],"wp:term":[{"taxonomy":"category","embeddable":true,"href":"https:\/\/radiocresatelital.com\/index.php?rest_route=%2Fwp%2Fv2%2Fcategories&post=48419"},{"taxonomy":"post_tag","embeddable":true,"href":"https:\/\/radiocresatelital.com\/index.php?rest_route=%2Fwp%2Fv2%2Ftags&post=48419"}],"curies":[{"name":"wp","href":"https:\/\/api.w.org\/{rel}","templated":true}]}}