{"id":48394,"date":"2026-03-02T18:54:16","date_gmt":"2026-03-02T18:54:16","guid":{"rendered":"https:\/\/radiocresatelital.com\/?p=48394"},"modified":"2026-03-02T18:54:16","modified_gmt":"2026-03-02T18:54:16","slug":"la-f1-es-experta-en-trasladar-gente-por-todo-el-mundo-reprogramaron-los-vuelos-rapidamente-me-han-dicho-que-todos-estan-listos-y-llegaran-a-tiempo-travis-auld","status":"publish","type":"post","link":"https:\/\/radiocresatelital.com\/?p=48394","title":{"rendered":"La F1 es experta en trasladar gente por todo el mundo. Reprogramaron los vuelos r\u00e1pidamente.\u00a0Me han dicho que todos est\u00e1n listos y llegar\u00e1n a tiempo, Travis Auld"},"content":{"rendered":"<p>Melbourne.- Travis Auld actual director ejecutivo del Gran Premio de Australia, ha manifestado que durante la primera carrera del Mundial 2026 de la F\u00f3rmula 1 s\u00ed se correr\u00e1 este domingo 8 pese a los ataques de Estados Unidos e Israel contra Ir\u00e1n.<\/p>\n<p>\u00abLa F1 es experta en trasladar gente por todo el mundo. Reprogramaron los vuelos r\u00e1pidamente.\u00a0Me han dicho que todos est\u00e1n listos y llegar\u00e1n a tiempo\u00bb, afirm\u00f3 Auld en una entrevista publicada por medios australianos.<\/p>\n<p>\u00abLos pilotos, los ingenieros y los directores de equipo estar\u00e1n aqu\u00ed.\u00a0Son ellos a quienes se les ha dado prioridad. Algunos miembros del personal se marchan. Probablemente podr\u00edamos hacer la carrera sin ellos, pero afortunadamente hemos conseguido que todos los que deben estar aqu\u00ed\u00bb, complet\u00f3 Auld.<\/p>\n<p>La F1 cancel\u00f3 los ensayos de las escuder\u00edas para probar los neum\u00e1ticos Pirelli de cara al inicio de una nueva temporada en Australia tras los bombardeos de Estados Unidos e Israel contra Ir\u00e1n, que respondi\u00f3 atacando bases del ej\u00e9rcito norteamericano en pa\u00edses vecinos como Bahrein.<\/p>\n<p>El cierre de los espacios a\u00e9reos generado por el conflicto b\u00e9lico, con la suspensi\u00f3n de muchos vuelos previstos, impidi\u00f3 que el personal de los equipos de la m\u00e1xima categor\u00eda se embarcara con destino a Sakhir y, pese a que algunos eval\u00faan la posibilidad de apelar a vuelos charter, la atenci\u00f3n est\u00e1 centrada en la evoluci\u00f3n de los acontecimientos.<\/p>\n<p>Muchas de las escuder\u00edas de la F\u00f3rmula 2 y F\u00f3rmula 3 tambi\u00e9n quedaron varadas en los aeropuertos en los que hab\u00edan hecho escala, lo que llev\u00f3 a Pirelli a confirmar la anulaci\u00f3n de los ensayos con los nuevos compuestos de neum\u00e1ticos para lluvia previstos para el s\u00e1bado y el domingo por cuestiones de seguridad.<\/p>\n<p>La pista del circuito de Sakhir iba a ser mojada de forma artificial para probar las mezclas Intermedia y Full Wet, pero los ensayos fueron cancelados. McLaren y Mercedes ya hab\u00edan desembarcado en Bahrein con sus pilotos y con sus m\u00e1quinas.<\/p>\n","protected":false},"excerpt":{"rendered":"<p>Melbourne.- Travis Auld actual director ejecutivo del Gran Premio de Australia, ha manifestado que durante la primera carrera del Mundial 2026 de la F\u00f3rmula 1 s\u00ed se correr\u00e1 este domingo 8 pese a los ataques de Estados Unidos e Israel contra Ir\u00e1n. \u00abLa F1 es experta en trasladar gente por todo el mundo. Reprogramaron los [&hellip;]<\/p>\n","protected":false},"author":2,"featured_media":48395,"comment_status":"open","ping_status":"closed","sticky":false,"template":"","format":"standard","meta":{"_jetpack_memberships_contains_paid_content":false,"footnotes":""},"categories":[9,20],"tags":[7949],"class_list":["post-48394","post","type-post","status-publish","format-standard","has-post-thumbnail","hentry","category-deportes","category-formula-uno","tag-travis-auld"],"jetpack_featured_media_url":"https:\/\/radiocresatelital.com\/wp-content\/uploads\/2026\/03\/r1152338_1296x729_16-9.png","jetpack_sharing_enabled":true,"_links":{"self":[{"href":"https:\/\/radiocresatelital.com\/index.php?rest_route=\/wp\/v2\/posts\/48394","targetHints":{"allow":["GET"]}}],"collection":[{"href":"https:\/\/radiocresatelital.com\/index.php?rest_route=\/wp\/v2\/posts"}],"about":[{"href":"https:\/\/radiocresatelital.com\/index.php?rest_route=\/wp\/v2\/types\/post"}],"author":[{"embeddable":true,"href":"https:\/\/radiocresatelital.com\/index.php?rest_route=\/wp\/v2\/users\/2"}],"replies":[{"embeddable":true,"href":"https:\/\/radiocresatelital.com\/index.php?rest_route=%2Fwp%2Fv2%2Fcomments&post=48394"}],"version-history":[{"count":1,"href":"https:\/\/radiocresatelital.com\/index.php?rest_route=\/wp\/v2\/posts\/48394\/revisions"}],"predecessor-version":[{"id":48396,"href":"https:\/\/radiocresatelital.com\/index.php?rest_route=\/wp\/v2\/posts\/48394\/revisions\/48396"}],"wp:featuredmedia":[{"embeddable":true,"href":"https:\/\/radiocresatelital.com\/index.php?rest_route=\/wp\/v2\/media\/48395"}],"wp:attachment":[{"href":"https:\/\/radiocresatelital.com\/index.php?rest_route=%2Fwp%2Fv2%2Fmedia&parent=48394"}],"wp:term":[{"taxonomy":"category","embeddable":true,"href":"https:\/\/radiocresatelital.com\/index.php?rest_route=%2Fwp%2Fv2%2Fcategories&post=48394"},{"taxonomy":"post_tag","embeddable":true,"href":"https:\/\/radiocresatelital.com\/index.php?rest_route=%2Fwp%2Fv2%2Ftags&post=48394"}],"curies":[{"name":"wp","href":"https:\/\/api.w.org\/{rel}","templated":true}]}}