{"id":48385,"date":"2026-03-02T18:20:24","date_gmt":"2026-03-02T18:20:24","guid":{"rendered":"https:\/\/radiocresatelital.com\/?p=48385"},"modified":"2026-03-02T18:20:24","modified_gmt":"2026-03-02T18:20:24","slug":"mas-de-1-600-atenciones-medicas-de-pie-equino-varo-brinda-centro-municipal-de-desarrollo-valientes","status":"publish","type":"post","link":"https:\/\/radiocresatelital.com\/?p=48385","title":{"rendered":"M\u00e1s de 1.600 atenciones m\u00e9dicas de pie equino varo brinda Centro Municipal de Desarrollo Valientes"},"content":{"rendered":"<p>Guayaquil.- La Perla del Pac\u00edfico, Guayaquil fortalece la atenci\u00f3n especializada y gratuita para ni\u00f1os con pie equino varo, una enfermedad cong\u00e9nita que altera la estructura del pie y puede afectar la movilidad si no se trata a tiempo. Desde mayo de 2023 hasta la fecha, el Centro Municipal de Desarrollo Valientes registra 1.638 atenciones que han beneficiado a 198 menores.<\/p>\n<p>El servicio es impulsado por la Alcald\u00eda de Guayaquil, a trav\u00e9s de la Direcci\u00f3n de Inclusi\u00f3n Social (DIS), en alianza con la Fundaci\u00f3n Hermano Miguel y con el respaldo de la Organizaci\u00f3n Internacional Miracle Feet. El Centro Valientes facilita el espacio de atenci\u00f3n y cuenta con terapistas f\u00edsicos capacitados en el m\u00e9todo Ponseti, t\u00e9cnica reconocida a nivel mundial para corregir esta condici\u00f3n.<\/p>\n<p>La cobertura no solo atiende a familias de la ciudad. El 60% de los pacientes proviene de Guayaquil, mientras que el resto provienen de cantones como Milagro, Balzar y Daule; y de provincias como El Oro, Santa Elena, Los R\u00edos y Manab\u00ed.<\/p>\n<p>La atenci\u00f3n municipal incluye examen f\u00edsico y terap\u00e9utico, colocaci\u00f3n de yesos correctivos, entrega de f\u00e9rulas y zapatos ortop\u00e9dicos, adem\u00e1s del seguimiento permanente hasta el alta m\u00e9dica.<\/p>\n<p>Tania Rom\u00e1n, terapeuta de la Organizaci\u00f3n Internacional Miracle Feet, explic\u00f3 la incidencia de esta condici\u00f3n: \u201cuno de cada 750 bebes, que nacen sufren de esta enfermedad cong\u00e9nita. Esto comprende que el pie est\u00e1 en punta (equino) y con la planta girada hacia adentro (varo) por ello es importante capacitar a padres de familia para una detecci\u00f3n temprana\u201d.<\/p>\n<p>Sobre los resultados del tratamiento, destac\u00f3: \u201cEl ni\u00f1o que ha recibido el tratamiento y lo ha completado en todas sus fases es 100% funcional. Es decir, puede hacer cualquier tipo de actividad en su vida diaria, puede usar cualquier tipo de calzado y no tendr\u00e1 ning\u00fan tipo de limitaci\u00f3n\u201d.<\/p>\n<p>Entre las historias que evidencian el impacto del programa est\u00e1 la de Betsy Contreras, quien cada viernes viaja desde Milagro hasta el Centro Valientes para el control m\u00e9dico de su hijo de 3 a\u00f1os. \u201cEn realidad mi hijo era un caso bastante extremo. A veces perd\u00edamos la esperanza, pero gracias a la operaci\u00f3n mi hijo camina sin ning\u00fan problema\u201d, expres\u00f3.<\/p>\n<p>Con esta intervenci\u00f3n sostenida, el Cabildo Porte\u00f1o reafirma su compromiso con el desarrollo integral y la atenci\u00f3n prioritaria a la poblaci\u00f3n m\u00e1s vulnerable, consolidando a Guayaquil como una ciudad inclusiva y solidaria.<\/p>\n","protected":false},"excerpt":{"rendered":"<p>Guayaquil.- La Perla del Pac\u00edfico, Guayaquil fortalece la atenci\u00f3n especializada y gratuita para ni\u00f1os con pie equino varo, una enfermedad cong\u00e9nita que altera la estructura del pie y puede afectar la movilidad si no se trata a tiempo. Desde mayo de 2023 hasta la fecha, el Centro Municipal de Desarrollo Valientes registra 1.638 atenciones que [&hellip;]<\/p>\n","protected":false},"author":2,"featured_media":48386,"comment_status":"open","ping_status":"closed","sticky":false,"template":"","format":"standard","meta":{"_jetpack_memberships_contains_paid_content":false,"footnotes":""},"categories":[33,13],"tags":[7877],"class_list":["post-48385","post","type-post","status-publish","format-standard","has-post-thumbnail","hentry","category-guayaquil","category-noticias-nacionales","tag-centro-municipal-de-desarrollo-valientes"],"jetpack_featured_media_url":"https:\/\/radiocresatelital.com\/wp-content\/uploads\/2026\/03\/Atencion-DIS-2.jpeg","jetpack_sharing_enabled":true,"_links":{"self":[{"href":"https:\/\/radiocresatelital.com\/index.php?rest_route=\/wp\/v2\/posts\/48385","targetHints":{"allow":["GET"]}}],"collection":[{"href":"https:\/\/radiocresatelital.com\/index.php?rest_route=\/wp\/v2\/posts"}],"about":[{"href":"https:\/\/radiocresatelital.com\/index.php?rest_route=\/wp\/v2\/types\/post"}],"author":[{"embeddable":true,"href":"https:\/\/radiocresatelital.com\/index.php?rest_route=\/wp\/v2\/users\/2"}],"replies":[{"embeddable":true,"href":"https:\/\/radiocresatelital.com\/index.php?rest_route=%2Fwp%2Fv2%2Fcomments&post=48385"}],"version-history":[{"count":1,"href":"https:\/\/radiocresatelital.com\/index.php?rest_route=\/wp\/v2\/posts\/48385\/revisions"}],"predecessor-version":[{"id":48387,"href":"https:\/\/radiocresatelital.com\/index.php?rest_route=\/wp\/v2\/posts\/48385\/revisions\/48387"}],"wp:featuredmedia":[{"embeddable":true,"href":"https:\/\/radiocresatelital.com\/index.php?rest_route=\/wp\/v2\/media\/48386"}],"wp:attachment":[{"href":"https:\/\/radiocresatelital.com\/index.php?rest_route=%2Fwp%2Fv2%2Fmedia&parent=48385"}],"wp:term":[{"taxonomy":"category","embeddable":true,"href":"https:\/\/radiocresatelital.com\/index.php?rest_route=%2Fwp%2Fv2%2Fcategories&post=48385"},{"taxonomy":"post_tag","embeddable":true,"href":"https:\/\/radiocresatelital.com\/index.php?rest_route=%2Fwp%2Fv2%2Ftags&post=48385"}],"curies":[{"name":"wp","href":"https:\/\/api.w.org\/{rel}","templated":true}]}}