{"id":48372,"date":"2026-02-28T00:48:21","date_gmt":"2026-02-28T00:48:21","guid":{"rendered":"https:\/\/radiocresatelital.com\/?p=48372"},"modified":"2026-02-28T03:51:05","modified_gmt":"2026-02-28T03:51:05","slug":"cabildo-refuerza-control-de-calidad-en-las-obras-y-activa-garantia-en-tres-pasos-peatonales","status":"publish","type":"post","link":"https:\/\/radiocresatelital.com\/?p=48372","title":{"rendered":"Cabildo refuerza control de calidad en las obras y activa garant\u00eda en tres pasos peatonales"},"content":{"rendered":"<p>Guayaquil.- El Municipio de Guayaquil informa a la ciudadan\u00eda que el contratista encargado del mantenimiento de tres pasos peatonales elevados en la avenida 25 de Julio ejecuta actualmente trabajos correctivos en las escaleras, como parte de la garant\u00eda t\u00e9cnica de la obra, tras detectarse defectos constructivos en su ejecuci\u00f3n inicial.<\/p>\n<p>La medida responde a los controles efectuados por la Direcci\u00f3n de Obras P\u00fablicas, que dispuso la activaci\u00f3n inmediata de la garant\u00eda contractual para asegurar que las estructuras cumplan con los est\u00e1ndares t\u00e9cnicos y de seguridad establecidos.<\/p>\n<p><strong>Los trabajos se desarrollan bajo el siguiente cronograma:<\/strong><br \/>\n\u2022 Paso peatonal a la altura del Registro Civil: cerrado hasta el domingo.<br \/>\n\u2022 Paso peatonal frente al Hospital Teodoro Maldonado Carbo: permanecer\u00e1 cerrado desde el martes 3 hasta el s\u00e1bado 7.<br \/>\n\u2022 Posteriormente, se intervendr\u00e1 el paso peatonal elevado ubicado a la altura de la ciudadela Las Acacias.<\/p>\n<p>Durante estos d\u00edas se realizar\u00e1n adecuaciones en las escaleras para garantizar condiciones \u00f3ptimas de seguridad y durabilidad. La Agencia de Tr\u00e1nsito y Movilidad (ATM) difunde, a trav\u00e9s de sus canales oficiales, los cierres temporales de estas infraestructuras y solicita a la ciudadan\u00eda utilizar pasos alternos y tomar las precauciones necesarias mientras duren los trabajos.<\/p>\n<p>Estas intervenciones forman parte de un plan integral de mantenimiento civil y estructural de 15 pasos peatonales elevados, con una inversi\u00f3n aproximada de USD 1 mill\u00f3n, orientado a fortalecer la seguridad peatonal en v\u00edas de alto tr\u00e1nsito.<\/p>\n<p>La activaci\u00f3n de garant\u00edas contractuales forma parte de los mecanismos institucionales destinados a proteger los recursos p\u00fablicos y asegurar que cada infraestructura entregada a la ciudadan\u00eda cumpla con los par\u00e1metros de calidad exigidos.<\/p>\n","protected":false},"excerpt":{"rendered":"<p>Guayaquil.- El Municipio de Guayaquil informa a la ciudadan\u00eda que el contratista encargado del mantenimiento de tres pasos peatonales elevados en la avenida 25 de Julio ejecuta actualmente trabajos correctivos en las escaleras, como parte de la garant\u00eda t\u00e9cnica de la obra, tras detectarse defectos constructivos en su ejecuci\u00f3n inicial. La medida responde a los [&hellip;]<\/p>\n","protected":false},"author":2,"featured_media":48373,"comment_status":"open","ping_status":"closed","sticky":false,"template":"","format":"standard","meta":{"_jetpack_memberships_contains_paid_content":false,"footnotes":""},"categories":[33,13],"tags":[7946,2133,114],"class_list":["post-48372","post","type-post","status-publish","format-standard","has-post-thumbnail","hentry","category-guayaquil","category-noticias-nacionales","tag-avenida-25-de-julio","tag-direccion-de-obras-publicas","tag-municipio-de-guayaquil"],"jetpack_featured_media_url":"https:\/\/radiocresatelital.com\/wp-content\/uploads\/2026\/02\/Paso-3.jpeg","jetpack_sharing_enabled":true,"_links":{"self":[{"href":"https:\/\/radiocresatelital.com\/index.php?rest_route=\/wp\/v2\/posts\/48372","targetHints":{"allow":["GET"]}}],"collection":[{"href":"https:\/\/radiocresatelital.com\/index.php?rest_route=\/wp\/v2\/posts"}],"about":[{"href":"https:\/\/radiocresatelital.com\/index.php?rest_route=\/wp\/v2\/types\/post"}],"author":[{"embeddable":true,"href":"https:\/\/radiocresatelital.com\/index.php?rest_route=\/wp\/v2\/users\/2"}],"replies":[{"embeddable":true,"href":"https:\/\/radiocresatelital.com\/index.php?rest_route=%2Fwp%2Fv2%2Fcomments&post=48372"}],"version-history":[{"count":1,"href":"https:\/\/radiocresatelital.com\/index.php?rest_route=\/wp\/v2\/posts\/48372\/revisions"}],"predecessor-version":[{"id":48374,"href":"https:\/\/radiocresatelital.com\/index.php?rest_route=\/wp\/v2\/posts\/48372\/revisions\/48374"}],"wp:featuredmedia":[{"embeddable":true,"href":"https:\/\/radiocresatelital.com\/index.php?rest_route=\/wp\/v2\/media\/48373"}],"wp:attachment":[{"href":"https:\/\/radiocresatelital.com\/index.php?rest_route=%2Fwp%2Fv2%2Fmedia&parent=48372"}],"wp:term":[{"taxonomy":"category","embeddable":true,"href":"https:\/\/radiocresatelital.com\/index.php?rest_route=%2Fwp%2Fv2%2Fcategories&post=48372"},{"taxonomy":"post_tag","embeddable":true,"href":"https:\/\/radiocresatelital.com\/index.php?rest_route=%2Fwp%2Fv2%2Ftags&post=48372"}],"curies":[{"name":"wp","href":"https:\/\/api.w.org\/{rel}","templated":true}]}}