{"id":48357,"date":"2026-02-28T01:40:01","date_gmt":"2026-02-28T01:40:01","guid":{"rendered":"https:\/\/radiocresatelital.com\/?p=48357"},"modified":"2026-02-28T02:41:57","modified_gmt":"2026-02-28T02:41:57","slug":"arrancan-trabajos-de-rehabilitacion-de-la-e-15-para-impulsar-la-reactivacion-productiva-de-esmeraldas","status":"publish","type":"post","link":"https:\/\/radiocresatelital.com\/?p=48357","title":{"rendered":"Arrancan trabajos de rehabilitaci\u00f3n de la E-15 para impulsar la reactivaci\u00f3n productiva de Esmeraldas"},"content":{"rendered":"<div class=\"row\">\n<section id=\"postcontent\" class=\"col-md-9 col-sm-6 line-right\">Esmeraldas.\u2013 El Gobierno del Nuevo Ecuador, mediante el Ministerio de Infraestructura y Transporte (MIT), dio inicio a los trabajos de mantenimiento y rehabilitaci\u00f3n de la v\u00eda E-15 Bol\u00edvar, ubicada en la parroquia Bol\u00edvar del cant\u00f3n Muisne. Esta intervenci\u00f3n estrat\u00e9gica fortalecer\u00e1 la conectividad y dinamizar\u00e1 la econom\u00eda de la regi\u00f3n costera.<\/p>\n<\/section>\n<section><\/section>\n<section class=\"col-md-9 col-sm-6 line-right\">La obra abarca 4,487 kil\u00f3metros y tiene una inversi\u00f3n superior a USD 2,7 millones incluido IVA.Para la ejecuci\u00f3n del proyecto, el MIT transfiri\u00f3 los recursos al Gobierno Aut\u00f3nomo Descentralizado Provincial de Esmeraldas, bajo el Convenio Espec\u00edfico de Cooperaci\u00f3n Interinstitucional, que articula esfuerzos entre el Gobierno Nacional y la Prefectura para atender las prioridades del territorio.<\/p>\n<p>El plan de trabajos contempla reconformaci\u00f3n de la v\u00eda, construcci\u00f3n de sistemas de drenaje, aplicaci\u00f3n de capa de rodadura de hormig\u00f3n asf\u00e1ltico y se\u00f1alizaci\u00f3n vertical y horizontal. Estas acciones optimizar\u00e1n la infraestructura de la carretera y garantizar\u00e1n mayor seguridad para conductores y peatones.La rehabilitaci\u00f3n de la E-15 Bol\u00edvar beneficiar\u00e1 directamente a la poblaci\u00f3n de la parroquia Bol\u00edvar y del cant\u00f3n Muisne, facilitando el transporte de productos agr\u00edcolas, pesqueros y comerciales, reduciendo tiempos de traslado y fortaleciendo la competitividad local.<\/p>\n<p>Durante la inauguraci\u00f3n, el subsecretario Zonal 1, Juan Echeverr\u00eda, en representaci\u00f3n del Ministerio, destac\u00f3 que el presidente Daniel Noboa y el ministro Luque cumplen su compromiso con la provincia de Esmeraldas mediante obras concretas, largamente esperadas, que hoy se materializan, transformando decisiones en hechos y potenciando el desarrollo regional.<\/p>\n<p>Por su parte, la prefecta Roberta Zambrano resalt\u00f3 la importancia de la coordinaci\u00f3n entre el Gobierno Nacional y el GAD Provincial para ejecutar proyectos que mejoran la calidad de vida y dignifican al pueblo esmeralde\u00f1o.<\/p>\n<p>Yuri Colorado, alcaldesa de Muisne, expresa su profundo agradecimiento al presidente Daniel Noboa y al ministro Roberto Luque por hacer realidad una obra m\u00e1s en beneficio de nuestro cant\u00f3n. \u201cDespu\u00e9s de m\u00e1s de 100 a\u00f1os de espera, hoy este anhelo hist\u00f3rico finalmente se cumple. \u201c\u00a1Gracias, se\u00f1or Presidente, por su compromiso con Muisne!\u201d<\/p>\n<p>Con el inicio de esta obra, el Gobierno Nacional reafirma su compromiso con la reconstrucci\u00f3n, la reactivaci\u00f3n productiva y el desarrollo sostenible de Esmeraldas, promoviendo una infraestructura vial moderna y segura al servicio de la ciudadan\u00eda.<\/p>\n<\/section>\n<\/div>\n","protected":false},"excerpt":{"rendered":"<p>Esmeraldas.\u2013 El Gobierno del Nuevo Ecuador, mediante el Ministerio de Infraestructura y Transporte (MIT), dio inicio a los trabajos de mantenimiento y rehabilitaci\u00f3n de la v\u00eda E-15 Bol\u00edvar, ubicada en la parroquia Bol\u00edvar del cant\u00f3n Muisne. Esta intervenci\u00f3n estrat\u00e9gica fortalecer\u00e1 la conectividad y dinamizar\u00e1 la econom\u00eda de la regi\u00f3n costera. La obra abarca 4,487 kil\u00f3metros [&hellip;]<\/p>\n","protected":false},"author":2,"featured_media":48362,"comment_status":"open","ping_status":"closed","sticky":false,"template":"","format":"standard","meta":{"_jetpack_memberships_contains_paid_content":false,"footnotes":""},"categories":[13],"tags":[5980,7945],"class_list":["post-48357","post","type-post","status-publish","format-standard","has-post-thumbnail","hentry","category-noticias-nacionales","tag-ministerio-de-infraestructura-y-transporte","tag-via-e-15-bolivar"],"jetpack_featured_media_url":"https:\/\/radiocresatelital.com\/wp-content\/uploads\/2026\/02\/WhatsApp-Image-2026-02-27-at-17.51.16-2048x1133-1.jpeg","jetpack_sharing_enabled":true,"_links":{"self":[{"href":"https:\/\/radiocresatelital.com\/index.php?rest_route=\/wp\/v2\/posts\/48357","targetHints":{"allow":["GET"]}}],"collection":[{"href":"https:\/\/radiocresatelital.com\/index.php?rest_route=\/wp\/v2\/posts"}],"about":[{"href":"https:\/\/radiocresatelital.com\/index.php?rest_route=\/wp\/v2\/types\/post"}],"author":[{"embeddable":true,"href":"https:\/\/radiocresatelital.com\/index.php?rest_route=\/wp\/v2\/users\/2"}],"replies":[{"embeddable":true,"href":"https:\/\/radiocresatelital.com\/index.php?rest_route=%2Fwp%2Fv2%2Fcomments&post=48357"}],"version-history":[{"count":5,"href":"https:\/\/radiocresatelital.com\/index.php?rest_route=\/wp\/v2\/posts\/48357\/revisions"}],"predecessor-version":[{"id":48364,"href":"https:\/\/radiocresatelital.com\/index.php?rest_route=\/wp\/v2\/posts\/48357\/revisions\/48364"}],"wp:featuredmedia":[{"embeddable":true,"href":"https:\/\/radiocresatelital.com\/index.php?rest_route=\/wp\/v2\/media\/48362"}],"wp:attachment":[{"href":"https:\/\/radiocresatelital.com\/index.php?rest_route=%2Fwp%2Fv2%2Fmedia&parent=48357"}],"wp:term":[{"taxonomy":"category","embeddable":true,"href":"https:\/\/radiocresatelital.com\/index.php?rest_route=%2Fwp%2Fv2%2Fcategories&post=48357"},{"taxonomy":"post_tag","embeddable":true,"href":"https:\/\/radiocresatelital.com\/index.php?rest_route=%2Fwp%2Fv2%2Ftags&post=48357"}],"curies":[{"name":"wp","href":"https:\/\/api.w.org\/{rel}","templated":true}]}}