{"id":48337,"date":"2026-02-27T18:37:17","date_gmt":"2026-02-27T18:37:17","guid":{"rendered":"https:\/\/radiocresatelital.com\/?p=48337"},"modified":"2026-02-27T21:39:22","modified_gmt":"2026-02-27T21:39:22","slug":"el-unico-protector-solar-aliado-de-la-tri-impulsa-cultura-de-prevencion-en-ecuador","status":"publish","type":"post","link":"https:\/\/radiocresatelital.com\/?p=48337","title":{"rendered":"El \u00fanico protector solar aliado de la TRI impulsa cultura de prevenci\u00f3n en Ecuador"},"content":{"rendered":"<p>Quito.- En un a\u00f1o marcado por la expectativa mundialista, el pa\u00eds vive una nueva etapa de ilusi\u00f3n y apoyo a la Selecci\u00f3n Ecuatoriana de F\u00fatbol. Este contexto no solo moviliza a los hinchas, sino que tambi\u00e9n pone en evidencia las condiciones en las que nuestros deportistas entrenan y compiten, muchas veces bajo el intenso sol ecuatoriano.<\/p>\n<p>En este escenario,\u00a0Suncare\u00a0anuncia su consolidaci\u00f3n como el \u00fanico protector solar auspiciante oficial de la Selecci\u00f3n Ecuatoriana de F\u00fatbol, reforzando un mensaje clave para el pa\u00eds,\u00a0la protecci\u00f3n solar tambi\u00e9n es parte del rendimiento.<\/p>\n<p>Ecuador es uno de los pa\u00edses con mayores niveles de radiaci\u00f3n ultravioleta (UV) en la regi\u00f3n, alcanzando con frecuencia \u00edndices considerados muy altos y extremos, especialmente en ciudades de altitud como Quito. Seg\u00fan organismos internacionales de salud, la exposici\u00f3n acumulativa a radiaci\u00f3n UV es el principal factor de riesgo para el desarrollo de c\u00e1ncer de piel, una de las patolog\u00edas con mayor incidencia en Am\u00e9rica Latina.<\/p>\n<p>Sin embargo, el uso diario sigue siendo bajo\u00a0puesto que\u00a0en Ecuador apenas\u00a04\u00a0de cada 10 personas incorporan el protector solar como parte de su rutina, pese a que el pa\u00eds registra radiaci\u00f3n intensa durante gran parte del a\u00f1o.<\/p>\n<p>La alianza entre\u00a0Suncare\u00a0y la Federaci\u00f3n Ecuatoriana de F\u00fatbol suma ya cuatro a\u00f1os de trabajo conjunto y nace de un prop\u00f3sito compartido: proteger a quienes dejan todo en la cancha bajo el intenso sol ecuatoriano. Esta colaboraci\u00f3n refleja una visi\u00f3n com\u00fan sobre la importancia del cuidado de la piel en el deporte de alto rendimiento, especialmente en un pa\u00eds con niveles de radiaci\u00f3n elevados. Como protector solar local,\u00a0la marca\u00a0conoce de primera mano estas condiciones y la necesidad de acompa\u00f1ar a los deportistas en cada entrenamiento y concentraci\u00f3n.<\/p>\n<p>Hoy\u00a0m\u00e1s que un auspiciante,\u00a0Suncare\u00a0es\u00a0un aliado estrat\u00e9gico de la TRI, acompa\u00f1ando y protegiendo a quienes representan al pa\u00eds dentro y fuera de la cancha.<\/p>\n<p>La marca cuenta con m\u00e1s de 25 a\u00f1os en el mercado ecuatoriano, consolid\u00e1ndose como un referente de calidad y confianza en protecci\u00f3n solar. Genera m\u00e1s de 400 empleos directos y mantiene una trayectoria sostenida en campa\u00f1as educativas sobre prevenci\u00f3n del c\u00e1ncer de piel, que han impactado a m\u00e1s de 50.000 personas en el pa\u00eds.<\/p>\n<p>\u201cSer el \u00fanico protector solar auspiciante de la TRI no es solo una alianza deportiva; es una declaraci\u00f3n de prop\u00f3sito. En un pa\u00eds con niveles extremos de radiaci\u00f3n, queremos que la protecci\u00f3n solar sea tan cotidiana como apoyar a nuestra selecci\u00f3n. Nuestro compromiso es seguir construyendo una cultura de prevenci\u00f3n que acompa\u00f1e a los ecuatorianos dentro y fuera de la cancha\u201d, se\u00f1al\u00f3\u00a0Mart\u00edn\u00a0Kahale,\u00a0Director\u00a0de Laboratorio Millet.<\/p>\n<p>En un pa\u00eds donde el sol forma parte de nuestra identidad, la alianza entre\u00a0Suncare\u00a0y la TRI representa un compromiso con el deporte desde la salud, la protecci\u00f3n y el bienestar. Proteger la piel de quienes representan al Ecuador es tambi\u00e9n cuidar su rendimiento, su seguridad y su futuro. En un territorio con altos niveles de radiaci\u00f3n, contar con soluciones desarrolladas localmente permite responder de forma m\u00e1s adecuada a estas condiciones. Este a\u00f1o, mientras el pa\u00eds vibra con su Selecci\u00f3n, la protecci\u00f3n se convierte en parte esencial del camino, dentro y fuera de la cancha.<\/p>\n","protected":false},"excerpt":{"rendered":"<p>Quito.- En un a\u00f1o marcado por la expectativa mundialista, el pa\u00eds vive una nueva etapa de ilusi\u00f3n y apoyo a la Selecci\u00f3n Ecuatoriana de F\u00fatbol. Este contexto no solo moviliza a los hinchas, sino que tambi\u00e9n pone en evidencia las condiciones en las que nuestros deportistas entrenan y compiten, muchas veces bajo el intenso sol [&hellip;]<\/p>\n","protected":false},"author":2,"featured_media":48338,"comment_status":"open","ping_status":"closed","sticky":false,"template":"","format":"standard","meta":{"_jetpack_memberships_contains_paid_content":false,"footnotes":""},"categories":[9,626],"tags":[5759,7941],"class_list":["post-48337","post","type-post","status-publish","format-standard","has-post-thumbnail","hentry","category-deportes","category-futbol-nacional","tag-seleccion-ecuatoriana-de-futbol","tag-suncare"],"jetpack_featured_media_url":"https:\/\/radiocresatelital.com\/wp-content\/uploads\/2026\/02\/WhatsApp-Image-2026-02-27-at-10.42.29.jpeg","jetpack_sharing_enabled":true,"_links":{"self":[{"href":"https:\/\/radiocresatelital.com\/index.php?rest_route=\/wp\/v2\/posts\/48337","targetHints":{"allow":["GET"]}}],"collection":[{"href":"https:\/\/radiocresatelital.com\/index.php?rest_route=\/wp\/v2\/posts"}],"about":[{"href":"https:\/\/radiocresatelital.com\/index.php?rest_route=\/wp\/v2\/types\/post"}],"author":[{"embeddable":true,"href":"https:\/\/radiocresatelital.com\/index.php?rest_route=\/wp\/v2\/users\/2"}],"replies":[{"embeddable":true,"href":"https:\/\/radiocresatelital.com\/index.php?rest_route=%2Fwp%2Fv2%2Fcomments&post=48337"}],"version-history":[{"count":1,"href":"https:\/\/radiocresatelital.com\/index.php?rest_route=\/wp\/v2\/posts\/48337\/revisions"}],"predecessor-version":[{"id":48339,"href":"https:\/\/radiocresatelital.com\/index.php?rest_route=\/wp\/v2\/posts\/48337\/revisions\/48339"}],"wp:featuredmedia":[{"embeddable":true,"href":"https:\/\/radiocresatelital.com\/index.php?rest_route=\/wp\/v2\/media\/48338"}],"wp:attachment":[{"href":"https:\/\/radiocresatelital.com\/index.php?rest_route=%2Fwp%2Fv2%2Fmedia&parent=48337"}],"wp:term":[{"taxonomy":"category","embeddable":true,"href":"https:\/\/radiocresatelital.com\/index.php?rest_route=%2Fwp%2Fv2%2Fcategories&post=48337"},{"taxonomy":"post_tag","embeddable":true,"href":"https:\/\/radiocresatelital.com\/index.php?rest_route=%2Fwp%2Fv2%2Ftags&post=48337"}],"curies":[{"name":"wp","href":"https:\/\/api.w.org\/{rel}","templated":true}]}}