{"id":48275,"date":"2026-02-27T19:14:04","date_gmt":"2026-02-27T19:14:04","guid":{"rendered":"https:\/\/radiocresatelital.com\/?p=48275"},"modified":"2026-02-27T19:14:04","modified_gmt":"2026-02-27T19:14:04","slug":"presidente-daniel-noboa-expuso-en-entrevista-radial-las-obras-en-vivienda-y-vialidad-en-el-marco-del-ano-de-la-construccion","status":"publish","type":"post","link":"https:\/\/radiocresatelital.com\/?p=48275","title":{"rendered":"Presidente Daniel Noboa expuso en entrevista radial las obras en vivienda y vialidad en el marco del A\u00f1o de la construcci\u00f3n"},"content":{"rendered":"<p>Quito. \u2013 La ma\u00f1ana de este viernes 27 de febrero, el presidente de la Rep\u00fablica, Daniel Noboa Azin, brind\u00f3 una entrevista al medio de comunicaci\u00f3n Radio Centro Quito. En el espacio \u201cNotiHoy\u201d, junto al periodista Gonzalo Ruiz, el Mandatario expuso las acciones de su gobierno en materia econ\u00f3mica, comercial y diplom\u00e1tica. Tambi\u00e9n abord\u00f3 otros temas de inter\u00e9s nacional.<\/p>\n<p><strong>El 2026 es el a\u00f1o de la construcci\u00f3n con obras<\/strong><br \/>\nEl presidente Noboa explic\u00f3 a la ciudadan\u00eda que su administraci\u00f3n impulsa el desarrollo del pa\u00eds a trav\u00e9s de la construcci\u00f3n de obras. En este sentido, record\u00f3 que se han desplegado acciones para reducir el d\u00e9ficit habitacional y garantizar un hogar digno a la poblaci\u00f3n.<\/p>\n<p>Precisamente, record\u00f3 que, en El Guabo, se entregaron 50 viviendas \u2013 de un total de 100- de inter\u00e9s social 100% subsidiadas en el marco del programa \u201cCasa 100\u201d. \u201cEsta es una de las acciones que puede reducir la pobreza y la miseria\u201d y cambiar las condiciones de vida de familias que habitaban en condiciones precarias.<\/p>\n<p>Del mismo modo, indic\u00f3 que, por medio del BIESS, se pone al servicio de la ciudadan\u00eda pr\u00e9stamos para una vivienda en inter\u00e9s social de 2,99%. Al respecto, indic\u00f3 que tambi\u00e9n de ampli\u00f3 el beneficio a suites de hasta USD 65.000 que pueden ser adquiridas por j\u00f3venes que buscan su independencia. \u201cEso es un cambio importante en las condiciones que determina una vivienda de inter\u00e9s social\u201d, sostuvo.<\/p>\n<p>Y a esto se suma el proyecto Miti Miti. Sobre este tema, enfatiz\u00f3 que las tasas preferenciales son posibles gracias al apoyo de organismos multilaterales que han subsidiado m\u00e1s de USD 500 millones para m\u00e1s acceso a vivienda de inter\u00e9s social y p\u00fablico. Consecuentemente, la banca privada puede dar l\u00edneas de cr\u00e9dito con m\u00e1s beneficios. \u201cBuscamos mejores condiciones para la gente. La estabilidad ha logrado que bajen en cuatro puntos las tasas de inter\u00e9s\u201d, puntualiz\u00f3.<\/p>\n<p>En este sentido, el Mandatario asegur\u00f3 que el sector de la construcci\u00f3n es un potente dinamizador de la econom\u00eda nacional. Por ejemplo, el Quinto Puente \u2013 en Guayaquil- es una mega obra \u201cque les reduce el costo a los exportadores entre USD 200 y USD 250 por contendor exportado. Eso es un beneficio directo a los exportadores que, al mismo tiempo generan empleo y m\u00e1s producci\u00f3n\u201d.<\/p>\n<p>Tambi\u00e9n, resalt\u00f3 la importancia de la construcci\u00f3n del Museo Nacional &#8211; un proyecto de m\u00e1s de USD 110 millones- que se ubicar\u00e1 en la ciudad de Quito. \u201cTenemos m\u00e1s de cien estudios arquitect\u00f3nicos que han decidido participar\u201d, reiter\u00f3 el jefe de Estado. Econom\u00eda y empleo en desarrollo y crecimiento<\/p>\n<p>Con respecto al panorama econ\u00f3mico, el presidente detall\u00f3 que el Ecuador presenta estabilidad y crecimiento en sus finanzas. Muestra de ello es que el sector de la construcci\u00f3n ha crecido en 15 % y el campo inmobiliario en 20%. Adicionalmente, explic\u00f3 que volver al mercado de capitales ha sido positivo. \u201cLa disciplina fiscal ha dado sus frutos. La demanda era US 18.500 millones, colocamos USD 4.000 y ahora tenemos grupos e instituciones internacionales que quieren comprar bonos hasta a 30 a\u00f1os al Ecuador\u201d, brindando sostenibilidad a largo plazo al pa\u00eds.<\/p>\n<p>En esta l\u00ednea tambi\u00e9n indic\u00f3 que hay un incremento de 2 % en empleo y una inflaci\u00f3n controlada debajo del 2 %. Por otro lado, hizo hincapi\u00e9 en que \u201cDebemos tener pol\u00edticas econ\u00f3micas que beneficien a la juventud\u201d, por lo que hay deducci\u00f3n tributaria a las empresas que incluyan a j\u00f3venes en sus n\u00f3minas.<\/p>\n<p><strong>Tasa de seguridad a Colombia da resultados<\/strong><br \/>\nEl presidente Noboa explic\u00f3 que la decisi\u00f3n de su Gobierno de aplicar una tasa de seguridad a Colombia se sustenta en la necesidad de precautelar la soberan\u00eda y los intereses del Ecuador, tomando en cuenta que el vecino pa\u00eds ha descuidado la frontera e incumplido con los acuerdos establecidos entre ambas naciones. \u201cNos cuesta USD 400 millones m\u00e1s que haya descuido del otro lado\u201d, sentenci\u00f3 el Mandatario.<\/p>\n<p>Por ello, indic\u00f3 que esta acci\u00f3n, distinto a lo que se intenta instaurar desde la oposici\u00f3n, ha dado resultados favorables. Por ejemplo, las muertes violentas en las provincias fronterizas se han reducido en m\u00e1s de 30% y el pa\u00eds ha recaudado USD 13 millones. Adicionalmente, en febrero de 2025 el d\u00e9ficit mensual de la balanza comercial con este pa\u00eds fue de USD 90 millones; este mes la cifra es positiva con USD 30 millones. \u201cEso da oportunidad a mayor empleo en el Ecuador, mayor comercializaci\u00f3n de ciertos productos a la interna y genera mejor ambiente comercial directo\u201d.<\/p>\n<p>Respecto a la demanda de ilegalidad por parte de Colombia ante la Comunidad Andina de Naciones (CAN), el presidente aclar\u00f3 que a pesar de que existe un acuerdo de cooperaci\u00f3n cuando hay un conflicto armado, el vecino pa\u00eds no ha brindado su respaldo ante la situaci\u00f3n que vive Ecuador. Por otro lado, el alegato de Colombia se hace inconsistente cuando este pa\u00eds tambi\u00e9n aplic\u00f3 una tasa a Ecuador. \u201cSi es que ellos lo ponen, su propia demanda se anula\u201d, puntualiz\u00f3 el Presidente.<\/p>\n<p><strong>Aprobaci\u00f3n de nuevas leyes<\/strong><br \/>\nCon respecto a la aprobaci\u00f3n de la Ley Org\u00e1nica Reformatoria al C\u00f3digo Org\u00e1nico de Organizaci\u00f3n Territorial, Autonom\u00eda y Descentralizaci\u00f3n para la Sostenibilidad y Eficiencia del Gasto de los Gobiernos Aut\u00f3nomos Descentralizados, el Presidente de la Rep\u00fablica fue categ\u00f3rico al afirmar que esta medida tiene por objetivo asegurar que los recursos sean correctamente direccionados, al bienestar ciudadano y no a la militancia pol\u00edtica.<\/p>\n<p>Al respecto, indic\u00f3 que lamentablemente algunos GAD destinan el gasto corriente a la contrataci\u00f3n de personas que responden \u00fanicamente a intereses pol\u00edticos. Por ejemplo, dijo Noboa, en algunos municipios como en El Triunfo, este rubro llega al 90%.<\/p>\n<p>\u201cEs mentira que digan que estamos en contra de educaci\u00f3n municipal y gestores culturales. Prefiero que contraten 5.000 maestros que 5.000 pipones que no van a trabajar\u201d, sentenci\u00f3 Noboa.<\/p>\n<p>Por otro lado, en cuanto a la Ley de Miner\u00eda y Energ\u00eda, Daniel Noboa asegur\u00f3 que no se ha cambiado, en proporci\u00f3n, lo que ya estaba dictaminado en la ley. Sin embargo, se busca que la vida de los ciudadanos mejore a trav\u00e9s de m\u00e1s obras y contrataci\u00f3n.<\/p>\n<p>En este sentido, explic\u00f3 que \u201cNo es verdad que vamos a abrir Gal\u00e1pagos a la miner\u00eda privada\u201d. Al respecto, precis\u00f3 que se proh\u00edbe determinantemente que exista actividad minera en el Parque Nacional Gal\u00e1pagos que cupa el 97%. Mientras que en el 3%, que no es Parque Nacional, se autoriza solo el retiro de material p\u00e9treo. \u201cNo vamos a armar una mina de oro, eso es una mentira que quieren poner los opositores\u201d, sentenci\u00f3.<\/p>\n","protected":false},"excerpt":{"rendered":"<p>Quito. \u2013 La ma\u00f1ana de este viernes 27 de febrero, el presidente de la Rep\u00fablica, Daniel Noboa Azin, brind\u00f3 una entrevista al medio de comunicaci\u00f3n Radio Centro Quito. En el espacio \u201cNotiHoy\u201d, junto al periodista Gonzalo Ruiz, el Mandatario expuso las acciones de su gobierno en materia econ\u00f3mica, comercial y diplom\u00e1tica. Tambi\u00e9n abord\u00f3 otros temas [&hellip;]<\/p>\n","protected":false},"author":2,"featured_media":48276,"comment_status":"open","ping_status":"closed","sticky":false,"template":"","format":"standard","meta":{"_jetpack_memberships_contains_paid_content":false,"footnotes":""},"categories":[13],"tags":[1322],"class_list":["post-48275","post","type-post","status-publish","format-standard","has-post-thumbnail","hentry","category-noticias-nacionales","tag-presidente-daniel-noboa"],"jetpack_featured_media_url":"https:\/\/radiocresatelital.com\/wp-content\/uploads\/2026\/02\/55119445765_f09301aa2a_c.jpg","jetpack_sharing_enabled":true,"_links":{"self":[{"href":"https:\/\/radiocresatelital.com\/index.php?rest_route=\/wp\/v2\/posts\/48275","targetHints":{"allow":["GET"]}}],"collection":[{"href":"https:\/\/radiocresatelital.com\/index.php?rest_route=\/wp\/v2\/posts"}],"about":[{"href":"https:\/\/radiocresatelital.com\/index.php?rest_route=\/wp\/v2\/types\/post"}],"author":[{"embeddable":true,"href":"https:\/\/radiocresatelital.com\/index.php?rest_route=\/wp\/v2\/users\/2"}],"replies":[{"embeddable":true,"href":"https:\/\/radiocresatelital.com\/index.php?rest_route=%2Fwp%2Fv2%2Fcomments&post=48275"}],"version-history":[{"count":1,"href":"https:\/\/radiocresatelital.com\/index.php?rest_route=\/wp\/v2\/posts\/48275\/revisions"}],"predecessor-version":[{"id":48277,"href":"https:\/\/radiocresatelital.com\/index.php?rest_route=\/wp\/v2\/posts\/48275\/revisions\/48277"}],"wp:featuredmedia":[{"embeddable":true,"href":"https:\/\/radiocresatelital.com\/index.php?rest_route=\/wp\/v2\/media\/48276"}],"wp:attachment":[{"href":"https:\/\/radiocresatelital.com\/index.php?rest_route=%2Fwp%2Fv2%2Fmedia&parent=48275"}],"wp:term":[{"taxonomy":"category","embeddable":true,"href":"https:\/\/radiocresatelital.com\/index.php?rest_route=%2Fwp%2Fv2%2Fcategories&post=48275"},{"taxonomy":"post_tag","embeddable":true,"href":"https:\/\/radiocresatelital.com\/index.php?rest_route=%2Fwp%2Fv2%2Ftags&post=48275"}],"curies":[{"name":"wp","href":"https:\/\/api.w.org\/{rel}","templated":true}]}}