{"id":48247,"date":"2026-02-26T18:30:38","date_gmt":"2026-02-26T18:30:38","guid":{"rendered":"https:\/\/radiocresatelital.com\/?p=48247"},"modified":"2026-02-26T21:31:36","modified_gmt":"2026-02-26T21:31:36","slug":"nutricion-que-transforma-colaboradores-de-vita-alimentos-apoyan-a-600-personas-en-comunidades-rurales-de-cayambe","status":"publish","type":"post","link":"https:\/\/radiocresatelital.com\/?p=48247","title":{"rendered":"Nutrici\u00f3n que transforma: Colaboradores de Vita Alimentos apoyan a 600 personas en comunidades rurales de Cayambe"},"content":{"rendered":"<p>Quito.- Fiel a su prop\u00f3sito de crear bienestar con alimentos nutritivos de manera sostenible, Vita Alimentos contin\u00faa impulsando acciones de responsabilidad social que conectan con las personas y generan un impacto positivo y tangible en su d\u00eda a d\u00eda.<\/p>\n<p>En el marco de su programa Huella Vita, la compa\u00f1\u00eda realiz\u00f3 la entrega de productos l\u00e1cteos el domingo 1 de febrero, en coordinaci\u00f3n con la Arquidi\u00f3cesis de Quito y la Parroquia San Gabriel de los Chillos, beneficiando a 600 personas de la comunidad de Muyurku\u2013Pesillo, en Cayambe, sector Olmedo.<\/p>\n<p>Un elemento que distingue esta iniciativa es su origen solidario y colaborativo. Los productos entregados corresponden a donaciones realizadas de manera voluntaria por los colaboradores de la empresa, quienes decidieron destinarlos a esta causa social, evidenciando una cultura organizacional basada en la solidaridad, la colaboraci\u00f3n, la empat\u00eda, la coherencia y el compromiso colectivo.<\/p>\n<p>\u201cDesde nuestro prop\u00f3sito impulsamos acciones que se conectan con las personas y generan valor real en su d\u00eda a d\u00eda. Avanzamos con coherencia y sentido, convencidos de que una provincia m\u00e1s fuerte comienza con familias bien nutridas\u201d, se\u00f1al\u00f3 <em>Pamela Arroyo, representante de Comunicaci\u00f3n Corporativa de Vita Alimentos.<\/em><\/p>\n<p>Con este tipo de acciones, Vita Alimentos reafirma su compromiso con la nutrici\u00f3n, el bienestar y el desarrollo social de las comunidades de la provincia de Pichincha, reconociendo a la seguridad alimentaria como un pilar fundamental para el fortalecimiento familiar y comunitario.<\/p>\n<p>A trav\u00e9s de Huella Vita, Vita Alimentos mantiene su compromiso con la nutrici\u00f3n, la sostenibilidad y el bienestar de las comunidades donde opera, reafirmando su rol como un actor socialmente responsable que contribuye al desarrollo del pa\u00eds.<\/p>\n","protected":false},"excerpt":{"rendered":"<p>Quito.- Fiel a su prop\u00f3sito de crear bienestar con alimentos nutritivos de manera sostenible, Vita Alimentos contin\u00faa impulsando acciones de responsabilidad social que conectan con las personas y generan un impacto positivo y tangible en su d\u00eda a d\u00eda. En el marco de su programa Huella Vita, la compa\u00f1\u00eda realiz\u00f3 la entrega de productos l\u00e1cteos [&hellip;]<\/p>\n","protected":false},"author":2,"featured_media":48248,"comment_status":"open","ping_status":"closed","sticky":false,"template":"","format":"standard","meta":{"_jetpack_memberships_contains_paid_content":false,"footnotes":""},"categories":[13],"tags":[5158],"class_list":["post-48247","post","type-post","status-publish","format-standard","has-post-thumbnail","hentry","category-noticias-nacionales","tag-vita-alimentos"],"jetpack_featured_media_url":"https:\/\/radiocresatelital.com\/wp-content\/uploads\/2026\/02\/WhatsApp-Image-2026-02-25-at-21.30.28.jpeg","jetpack_sharing_enabled":true,"_links":{"self":[{"href":"https:\/\/radiocresatelital.com\/index.php?rest_route=\/wp\/v2\/posts\/48247","targetHints":{"allow":["GET"]}}],"collection":[{"href":"https:\/\/radiocresatelital.com\/index.php?rest_route=\/wp\/v2\/posts"}],"about":[{"href":"https:\/\/radiocresatelital.com\/index.php?rest_route=\/wp\/v2\/types\/post"}],"author":[{"embeddable":true,"href":"https:\/\/radiocresatelital.com\/index.php?rest_route=\/wp\/v2\/users\/2"}],"replies":[{"embeddable":true,"href":"https:\/\/radiocresatelital.com\/index.php?rest_route=%2Fwp%2Fv2%2Fcomments&post=48247"}],"version-history":[{"count":1,"href":"https:\/\/radiocresatelital.com\/index.php?rest_route=\/wp\/v2\/posts\/48247\/revisions"}],"predecessor-version":[{"id":48249,"href":"https:\/\/radiocresatelital.com\/index.php?rest_route=\/wp\/v2\/posts\/48247\/revisions\/48249"}],"wp:featuredmedia":[{"embeddable":true,"href":"https:\/\/radiocresatelital.com\/index.php?rest_route=\/wp\/v2\/media\/48248"}],"wp:attachment":[{"href":"https:\/\/radiocresatelital.com\/index.php?rest_route=%2Fwp%2Fv2%2Fmedia&parent=48247"}],"wp:term":[{"taxonomy":"category","embeddable":true,"href":"https:\/\/radiocresatelital.com\/index.php?rest_route=%2Fwp%2Fv2%2Fcategories&post=48247"},{"taxonomy":"post_tag","embeddable":true,"href":"https:\/\/radiocresatelital.com\/index.php?rest_route=%2Fwp%2Fv2%2Ftags&post=48247"}],"curies":[{"name":"wp","href":"https:\/\/api.w.org\/{rel}","templated":true}]}}