{"id":48208,"date":"2026-02-26T19:25:51","date_gmt":"2026-02-26T19:25:51","guid":{"rendered":"https:\/\/radiocresatelital.com\/?p=48208"},"modified":"2026-02-26T19:25:51","modified_gmt":"2026-02-26T19:25:51","slug":"gobierno-de-el-nuevo-ecuador-inauguro-nueva-agencia-de-registro-civil-en-hospital-de-duran-para-garantizar-la-identidad-desde-el-nacimiento","status":"publish","type":"post","link":"https:\/\/radiocresatelital.com\/?p=48208","title":{"rendered":"Gobierno de El Nuevo Ecuador inaugur\u00f3 nueva agencia de Registro Civil en hospital de Dur\u00e1n para garantizar la identidad desde el nacimiento"},"content":{"rendered":"<p>Dur\u00e1n.- El Gobierno del presidente de la Rep\u00fablica, Daniel Noboa Azin, inaugur\u00f3 este 26 de febrero una nueva Agencia de Registro Civil en Establecimientos de Salud (ARCES) en el Hospital General Dr. Enrique Ortega Moreira, en el cant\u00f3n Dur\u00e1n, para asegurar la inscripci\u00f3n de los reci\u00e9n nacidos desde los primeros minutos de vida.<\/p>\n<p>Esta nueva agencia, dentro de esta casa de salud, fortalece el modelo de atenci\u00f3n integral del Estado y elimina barreras administrativas y territoriales que hist\u00f3ricamente dificultaban el acceso oportuno al derecho a la identidad. Y se concreta gracias al compromiso social de la vicepresidenta Mar\u00eda Jos\u00e9 Pinto; y al impulso del ministro de Telecomunicaciones, Roberto Kury.<\/p>\n<p>La vicepresidenta de la Rep\u00fablica, Mar\u00eda Jos\u00e9 Pinto, resalt\u00f3 que esta acci\u00f3n demuestra el trabajo articulado del Gobierno en favor de la ni\u00f1ez ecuatoriana. \u201cLa lucha contra la desnutrici\u00f3n cr\u00f3nica infantil empieza en el embarazo. Empieza con el control prenatal, con la nutrici\u00f3n de la madre, con el acceso a agua segura, con el acompa\u00f1amiento. Pero cuando el ni\u00f1o nace, el Estado no puede desaparecer.<\/p>\n<p>Tiene que estar presente. Cercano. Organizado, articulado\u201d, manifest\u00f3. Por su parte, el director general del Registro Civil, Ott\u00f3n Rivadeneira, destac\u00f3 que esta inauguraci\u00f3n refleja la decisi\u00f3n pol\u00edtica del presidente Daniel Noboa de modernizar y humanizar los servicios p\u00fablicos. \u201cEn el Gobierno de El Nuevo<br \/>\nEcuador escuchamos a la ciudadan\u00eda y respondemos con soluciones reales, concretas, eficientes y humanas. Esta agencia permite que cada ni\u00f1o sea inscrito de manera inmediata y gratuita, garantizando el derecho a la identidad desde el primer aliento y facilitando el acceso a pol\u00edticas p\u00fablicas\u201d, afirm\u00f3.<\/p>\n<p>A escala nacional, en el a\u00f1o 2025 se inscribieron 224.193 nacimientos, mientras que en 2024 fueron 222.364. En lo que va de 2026, con corte a enero, ya se registraron 17.122 nacimientos. Solo en Guayas, en la Zona 8, se contabilizaron 4.044 inscripciones, seguido de Pichincha con 2.576 y Manab\u00ed con 1.703.<\/p>\n<p>Con esta nueva apertura, el Registro Civil del Ecuador contabiliza 225 puntos de atenci\u00f3n en el pa\u00eds, de los cuales 28 corresponden a Agencias de Registro Civil en Establecimientos de Salud (ARCES), ubicadas en 19 cantones de 14 provincias.<\/p>\n<p>La inscripci\u00f3n de nacimiento es gratuita, no requiere turno ni la presencia del reci\u00e9n nacido, y constituye el primer paso para que ni\u00f1as y ni\u00f1os accedan a atenci\u00f3n m\u00e9dica, programas sociales y educativos como el Bono de los 1.000 d\u00edas.<\/p>\n<p>Daniela Zambrano Flores, madre beneficiaria del servicio, expres\u00f3 su satisfacci\u00f3n tras inscribir a su hijo Gabriel \u00c1lava Zambrano en el hospital. \u201cFue r\u00e1pido y sencillo. Sal\u00ed del hospital con mi hijo ya inscrito, con su identidad asegurada. Gracias Sr. Presidente por la atenci\u00f3n y el excelente servicio\u201d, se\u00f1al\u00f3.<\/p>\n<p>Con esta inauguraci\u00f3n, el Gobierno de El Nuevo Ecuador ratifica su compromiso de garantizar el derecho a la identidad con un Estado m\u00e1s cercano, eficiente y humano, que protege a la ciudadan\u00eda desde el inicio de la vida.<\/p>\n","protected":false},"excerpt":{"rendered":"<p>Dur\u00e1n.- El Gobierno del presidente de la Rep\u00fablica, Daniel Noboa Azin, inaugur\u00f3 este 26 de febrero una nueva Agencia de Registro Civil en Establecimientos de Salud (ARCES) en el Hospital General Dr. Enrique Ortega Moreira, en el cant\u00f3n Dur\u00e1n, para asegurar la inscripci\u00f3n de los reci\u00e9n nacidos desde los primeros minutos de vida. Esta nueva [&hellip;]<\/p>\n","protected":false},"author":2,"featured_media":48209,"comment_status":"open","ping_status":"closed","sticky":false,"template":"","format":"standard","meta":{"_jetpack_memberships_contains_paid_content":false,"footnotes":""},"categories":[13],"tags":[7921,5020],"class_list":["post-48208","post","type-post","status-publish","format-standard","has-post-thumbnail","hentry","category-noticias-nacionales","tag-agencia-de-registro-civil","tag-hospital-general-dr-enrique-ortega-moreira"],"jetpack_featured_media_url":"https:\/\/radiocresatelital.com\/wp-content\/uploads\/2026\/02\/WhatsApp-Image-2026-02-26-at-14.20.48.jpeg","jetpack_sharing_enabled":true,"_links":{"self":[{"href":"https:\/\/radiocresatelital.com\/index.php?rest_route=\/wp\/v2\/posts\/48208","targetHints":{"allow":["GET"]}}],"collection":[{"href":"https:\/\/radiocresatelital.com\/index.php?rest_route=\/wp\/v2\/posts"}],"about":[{"href":"https:\/\/radiocresatelital.com\/index.php?rest_route=\/wp\/v2\/types\/post"}],"author":[{"embeddable":true,"href":"https:\/\/radiocresatelital.com\/index.php?rest_route=\/wp\/v2\/users\/2"}],"replies":[{"embeddable":true,"href":"https:\/\/radiocresatelital.com\/index.php?rest_route=%2Fwp%2Fv2%2Fcomments&post=48208"}],"version-history":[{"count":1,"href":"https:\/\/radiocresatelital.com\/index.php?rest_route=\/wp\/v2\/posts\/48208\/revisions"}],"predecessor-version":[{"id":48210,"href":"https:\/\/radiocresatelital.com\/index.php?rest_route=\/wp\/v2\/posts\/48208\/revisions\/48210"}],"wp:featuredmedia":[{"embeddable":true,"href":"https:\/\/radiocresatelital.com\/index.php?rest_route=\/wp\/v2\/media\/48209"}],"wp:attachment":[{"href":"https:\/\/radiocresatelital.com\/index.php?rest_route=%2Fwp%2Fv2%2Fmedia&parent=48208"}],"wp:term":[{"taxonomy":"category","embeddable":true,"href":"https:\/\/radiocresatelital.com\/index.php?rest_route=%2Fwp%2Fv2%2Fcategories&post=48208"},{"taxonomy":"post_tag","embeddable":true,"href":"https:\/\/radiocresatelital.com\/index.php?rest_route=%2Fwp%2Fv2%2Ftags&post=48208"}],"curies":[{"name":"wp","href":"https:\/\/api.w.org\/{rel}","templated":true}]}}