{"id":48202,"date":"2026-02-26T19:18:53","date_gmt":"2026-02-26T19:18:53","guid":{"rendered":"https:\/\/radiocresatelital.com\/?p=48202"},"modified":"2026-02-26T19:18:53","modified_gmt":"2026-02-26T19:18:53","slug":"vacacional-pequenos-brillantes-inclusion-cuidado-y-continuidad-terapeutica-para-ninos","status":"publish","type":"post","link":"https:\/\/radiocresatelital.com\/?p=48202","title":{"rendered":"Vacacional Peque\u00f1os Brillantes: inclusi\u00f3n, cuidado y continuidad terap\u00e9utica para ni\u00f1os"},"content":{"rendered":"<p>Guayaquil.- El Hospital Bicentenario abri\u00f3 sus puertas al Vacacional Peque\u00f1os Brillantes 2026, un programa pionero que combina inclusi\u00f3n, acompa\u00f1amiento especializado y desarrollo de habilidades para ni\u00f1os con condiciones del neurodesarrollo. Esta iniciativa forma parte del programa de Salud y Bienestar Emocional y Mental y busca brindar oportunidades que en el \u00e1mbito privado ser\u00edan dif\u00edciles de costear para las familias.<\/p>\n<p>El vacacional est\u00e1 dirigido a 130 ni\u00f1os de 2 a 10 a\u00f1os con diagn\u00f3stico o sospecha de TEA (Trastorno del Espectro Autista) u otras condiciones del neurodesarrollo. A trav\u00e9s de actividades l\u00fadicas y terap\u00e9uticas \u2014como lectura de cuentos, pintura, escritura, motricidad fina y gruesa, y ejercicios de interacci\u00f3n social adaptados a cada grupo etario\u2014, los peque\u00f1os fortalecen sus habilidades cognitivas, motrices y comunicativas en un entorno seguro y estimulante.<\/p>\n<p>\u201cSon importantes para las ni\u00f1as, para toda la comunidad m\u00e1s que todo porque no hay dinero para pagar un curso vacacional (\u2026) La doctora de aqu\u00ed me dijo que las trajera para irlas valorando para ver que condici\u00f3n tienen, si es que est\u00e1n bien o est\u00e1n mal, porque no sabemos\u201d, se\u00f1al\u00f3 Luc\u00eda Morales, quien lleg\u00f3 con sus nietas gemelas al hospital.<\/p>\n<p>El programa, impulsado por la Direcci\u00f3n de Salud e Higiene de la Alcald\u00eda, se desarrolla dos d\u00edas a la semana: los mi\u00e9rcoles asisten ni\u00f1os de 2 a 5 a\u00f1os, mientras que los jueves participan menores de 6 a 10 a\u00f1os. Cada jornada incluye evaluaciones y bater\u00edas t\u00e9cnicas que permiten conocer en detalle la condici\u00f3n de cada ni\u00f1o y ofrecer un acompa\u00f1amiento personalizado.<\/p>\n<p>\u201cSe les entrega a los padres un informe cl\u00ednico y un diagn\u00f3stico presuntivo gratuito y tambi\u00e9n trabajamos interinstitucionalmente con las unidades educativas\u201d, explic\u00f3 la psic\u00f3loga cl\u00ednica Kira S\u00e1nchez, l\u00edder del programa. Este enfoque garantiza atenci\u00f3n especializada de calidad, que de otra manera implicar\u00eda un gasto elevado para las familias.<\/p>\n<p>Por primera vez, el vacacional se realiza con una duraci\u00f3n de un mes y medio y un enfoque centrado en ni\u00f1os con condiciones especiales. Adem\u00e1s, contempla el registro de usuarios para asegurar continuidad terap\u00e9utica, consolidando un espacio de desarrollo integral que combina aprendizaje, juego y cuidado emocional.<\/p>\n<p>Con esta iniciativa, Guayaquil fortalece la inclusi\u00f3n, ofreciendo a las familias y a la comunidad un recurso innovador que transforma la manera en que los ni\u00f1os con necesidades especiales viven y disfrutan sus vacaciones.<\/p>\n","protected":false},"excerpt":{"rendered":"<p>Guayaquil.- El Hospital Bicentenario abri\u00f3 sus puertas al Vacacional Peque\u00f1os Brillantes 2026, un programa pionero que combina inclusi\u00f3n, acompa\u00f1amiento especializado y desarrollo de habilidades para ni\u00f1os con condiciones del neurodesarrollo. Esta iniciativa forma parte del programa de Salud y Bienestar Emocional y Mental y busca brindar oportunidades que en el \u00e1mbito privado ser\u00edan dif\u00edciles de [&hellip;]<\/p>\n","protected":false},"author":2,"featured_media":48203,"comment_status":"open","ping_status":"closed","sticky":false,"template":"","format":"standard","meta":{"_jetpack_memberships_contains_paid_content":false,"footnotes":""},"categories":[13],"tags":[281,7919],"class_list":["post-48202","post","type-post","status-publish","format-standard","has-post-thumbnail","hentry","category-noticias-nacionales","tag-hospital-bicentenario","tag-vacacional-pequenos-brillantes-2026"],"jetpack_featured_media_url":"https:\/\/radiocresatelital.com\/wp-content\/uploads\/2026\/02\/646260c57c75e.png","jetpack_sharing_enabled":true,"_links":{"self":[{"href":"https:\/\/radiocresatelital.com\/index.php?rest_route=\/wp\/v2\/posts\/48202","targetHints":{"allow":["GET"]}}],"collection":[{"href":"https:\/\/radiocresatelital.com\/index.php?rest_route=\/wp\/v2\/posts"}],"about":[{"href":"https:\/\/radiocresatelital.com\/index.php?rest_route=\/wp\/v2\/types\/post"}],"author":[{"embeddable":true,"href":"https:\/\/radiocresatelital.com\/index.php?rest_route=\/wp\/v2\/users\/2"}],"replies":[{"embeddable":true,"href":"https:\/\/radiocresatelital.com\/index.php?rest_route=%2Fwp%2Fv2%2Fcomments&post=48202"}],"version-history":[{"count":1,"href":"https:\/\/radiocresatelital.com\/index.php?rest_route=\/wp\/v2\/posts\/48202\/revisions"}],"predecessor-version":[{"id":48204,"href":"https:\/\/radiocresatelital.com\/index.php?rest_route=\/wp\/v2\/posts\/48202\/revisions\/48204"}],"wp:featuredmedia":[{"embeddable":true,"href":"https:\/\/radiocresatelital.com\/index.php?rest_route=\/wp\/v2\/media\/48203"}],"wp:attachment":[{"href":"https:\/\/radiocresatelital.com\/index.php?rest_route=%2Fwp%2Fv2%2Fmedia&parent=48202"}],"wp:term":[{"taxonomy":"category","embeddable":true,"href":"https:\/\/radiocresatelital.com\/index.php?rest_route=%2Fwp%2Fv2%2Fcategories&post=48202"},{"taxonomy":"post_tag","embeddable":true,"href":"https:\/\/radiocresatelital.com\/index.php?rest_route=%2Fwp%2Fv2%2Ftags&post=48202"}],"curies":[{"name":"wp","href":"https:\/\/api.w.org\/{rel}","templated":true}]}}