{"id":48163,"date":"2026-02-25T23:27:12","date_gmt":"2026-02-25T23:27:12","guid":{"rendered":"https:\/\/radiocresatelital.com\/?p=48163"},"modified":"2026-02-25T23:27:12","modified_gmt":"2026-02-25T23:27:12","slug":"el-ano-de-la-construccion-esta-en-marcha-presidente-daniel-noboa-impulsa-la-participacion-de-las-empresas-publicas-en-la-construccion-de-viviendas-dignas","status":"publish","type":"post","link":"https:\/\/radiocresatelital.com\/?p=48163","title":{"rendered":"El a\u00f1o de la construcci\u00f3n esta en marcha: Presidente Daniel Noboa impulsa la participaci\u00f3n de las empresas p\u00fablicas en la construcci\u00f3n de viviendas dignas"},"content":{"rendered":"<p>El Guabo. \u2013 En el marco de la inauguraci\u00f3n del Proyecto habitacional \u201cEl Guabo\u201d, este 25 de febrero, el Presidente de la Rep\u00fablica, Daniel Noboa Azin, reafirm\u00f3 el compromiso de su administraci\u00f3n por acelerar la construcci\u00f3n y entrega de viviendas dignas y seguras a la poblaci\u00f3n.<\/p>\n<p>Bajo esta directriz, la Ministra de Ambiente y Energ\u00eda, In\u00e9s Manzano, anunci\u00f3 que su cartera de Estado tambi\u00e9n se integra al prop\u00f3sito de construir vivienda digna al sumarse al proyecto Casa 100, que entrega viviendas 100% subvencionadas a quienes m\u00e1s lo necesitan.<\/p>\n<p>Al respecto, explic\u00f3 Manzano, que las empresas p\u00fablicas adscritas a su instituci\u00f3n como Petroecuador, CELEC, FLOPEC, OCP y CNEL, tendr\u00e1n la responsabilidad de destinar parte de sus recursos de compensaci\u00f3n y responsabilidad social en las provincias donde operan para la construcci\u00f3n de soluciones habitacionales. Esta decisi\u00f3n se enmarca en la premisa de que 2026 se constituye en el a\u00f1o de la construcci\u00f3n para el Gobierno Nacional.<\/p>\n<p>\u201cM\u00e1s de USD 43 millones ser\u00e1n destinados a la construcci\u00f3n de urbanizaciones y viviendas para los sectores m\u00e1s vulnerables del pa\u00eds\u201d, puntualiz\u00f3 la ministra.<\/p>\n<p>Bajo esta perspectiva, hizo hincapi\u00e9 en el cambio de l\u00f3gica de las empresas p\u00fablicas que, en el pasado, funcionaban como estructuras lejanas y desconectadas de la realidad de la gente, y ahora fungir\u00e1n como motores del desarrollo del Ecuador.<\/p>\n<p>Para oficializar esta iniciativa se ha firmado un acuerdo entre el Ministerio de Ambiente y Energ\u00eda y el Ministerio de Infraestructura y Transporte.<\/p>\n","protected":false},"excerpt":{"rendered":"<p>El Guabo. \u2013 En el marco de la inauguraci\u00f3n del Proyecto habitacional \u201cEl Guabo\u201d, este 25 de febrero, el Presidente de la Rep\u00fablica, Daniel Noboa Azin, reafirm\u00f3 el compromiso de su administraci\u00f3n por acelerar la construcci\u00f3n y entrega de viviendas dignas y seguras a la poblaci\u00f3n. Bajo esta directriz, la Ministra de Ambiente y Energ\u00eda, [&hellip;]<\/p>\n","protected":false},"author":2,"featured_media":48164,"comment_status":"open","ping_status":"closed","sticky":false,"template":"","format":"standard","meta":{"_jetpack_memberships_contains_paid_content":false,"footnotes":""},"categories":[13],"tags":[7757,7756,1322,7909],"class_list":["post-48163","post","type-post","status-publish","format-standard","has-post-thumbnail","hentry","category-noticias-nacionales","tag-ines-manzano","tag-ministra-de-ambiente-y-energia","tag-presidente-daniel-noboa","tag-proyecto-habitacional-el-guabo"],"jetpack_featured_media_url":"https:\/\/radiocresatelital.com\/wp-content\/uploads\/2026\/02\/55115082127_b571d2327a_c.jpg","jetpack_sharing_enabled":true,"_links":{"self":[{"href":"https:\/\/radiocresatelital.com\/index.php?rest_route=\/wp\/v2\/posts\/48163","targetHints":{"allow":["GET"]}}],"collection":[{"href":"https:\/\/radiocresatelital.com\/index.php?rest_route=\/wp\/v2\/posts"}],"about":[{"href":"https:\/\/radiocresatelital.com\/index.php?rest_route=\/wp\/v2\/types\/post"}],"author":[{"embeddable":true,"href":"https:\/\/radiocresatelital.com\/index.php?rest_route=\/wp\/v2\/users\/2"}],"replies":[{"embeddable":true,"href":"https:\/\/radiocresatelital.com\/index.php?rest_route=%2Fwp%2Fv2%2Fcomments&post=48163"}],"version-history":[{"count":1,"href":"https:\/\/radiocresatelital.com\/index.php?rest_route=\/wp\/v2\/posts\/48163\/revisions"}],"predecessor-version":[{"id":48165,"href":"https:\/\/radiocresatelital.com\/index.php?rest_route=\/wp\/v2\/posts\/48163\/revisions\/48165"}],"wp:featuredmedia":[{"embeddable":true,"href":"https:\/\/radiocresatelital.com\/index.php?rest_route=\/wp\/v2\/media\/48164"}],"wp:attachment":[{"href":"https:\/\/radiocresatelital.com\/index.php?rest_route=%2Fwp%2Fv2%2Fmedia&parent=48163"}],"wp:term":[{"taxonomy":"category","embeddable":true,"href":"https:\/\/radiocresatelital.com\/index.php?rest_route=%2Fwp%2Fv2%2Fcategories&post=48163"},{"taxonomy":"post_tag","embeddable":true,"href":"https:\/\/radiocresatelital.com\/index.php?rest_route=%2Fwp%2Fv2%2Ftags&post=48163"}],"curies":[{"name":"wp","href":"https:\/\/api.w.org\/{rel}","templated":true}]}}