{"id":48160,"date":"2026-02-25T23:23:04","date_gmt":"2026-02-25T23:23:04","guid":{"rendered":"https:\/\/radiocresatelital.com\/?p=48160"},"modified":"2026-02-25T23:23:04","modified_gmt":"2026-02-25T23:23:04","slug":"ecu-911-retiro-cerca-de-60-dispositivos-de-videovigilancia-irregulares-en-la-libertad","status":"publish","type":"post","link":"https:\/\/radiocresatelital.com\/?p=48160","title":{"rendered":"ECU 911 retir\u00f3 cerca de 60 dispositivos de videovigilancia irregulares en La Libertad"},"content":{"rendered":"<p>La Libertad.- Este 24 y 25 de febrero de 2026, el Director General del ECU 911, Dr. Juan Carlos Paladines, junto a la Coordinaci\u00f3n Zonal 5-8 del ECU 911, en articulaci\u00f3n con la Polic\u00eda Nacional y las Fuerzas Armadas, ejecut\u00f3 dos operativos para el retiro de dispositivos de videovigilancia irregulares en el cant\u00f3n La Libertad, provincia de Santa Elena.<\/p>\n<p>Durante estas acciones se identificaron cerca de 60 c\u00e1maras de videovigilancia instaladas en intersecciones viales, zonas comerciales y espacios p\u00fablicos.<\/p>\n<p>El Director General del ECU 911 destac\u00f3 que los operativos continuar\u00e1n ejecut\u00e1ndose en distintos puntos del pa\u00eds, con el objetivo de mantener un sistema de videovigilancia regulado y bajo control t\u00e9cnico autorizado, en cumplimiento del Decreto Ejecutivo N.\u00ba 214, normativa orientada a fortalecer la seguridad ciudadana y garantizar que estos recursos tecnol\u00f3gicos operen dentro del marco legal y en beneficio de la ciudadan\u00eda.<\/p>\n<p>El Dr. Paladines enfatiz\u00f3 en la necesidad de que la ciudadan\u00eda comprenda la importancia de que las entidades p\u00fablicas y privadas soliciten las autorizaciones pertinentes para la colocaci\u00f3n de sistemas de videovigilancia que apunten al espacio p\u00fablico. Destac\u00f3 en que, cuando una persona desee reclamar la propiedad de los dispositivos retirados, tendr\u00e1 un plazo de 30 d\u00edas para acercarse a las instalaciones del Centro Zonal ECU 911 Samborond\u00f3n y presentar la documentaci\u00f3n que justifique su legalidad.<\/p>\n<p>La ciudadan\u00eda puede denunciar la existencia de dispositivos de monitoreo instalados de forma irregular, a trav\u00e9s de la L\u00ednea \u00danica para Emergencias 9-1-1.<\/p>\n","protected":false},"excerpt":{"rendered":"<p>La Libertad.- Este 24 y 25 de febrero de 2026, el Director General del ECU 911, Dr. Juan Carlos Paladines, junto a la Coordinaci\u00f3n Zonal 5-8 del ECU 911, en articulaci\u00f3n con la Polic\u00eda Nacional y las Fuerzas Armadas, ejecut\u00f3 dos operativos para el retiro de dispositivos de videovigilancia irregulares en el cant\u00f3n La Libertad, [&hellip;]<\/p>\n","protected":false},"author":2,"featured_media":48161,"comment_status":"open","ping_status":"closed","sticky":false,"template":"","format":"standard","meta":{"_jetpack_memberships_contains_paid_content":false,"footnotes":""},"categories":[13],"tags":[7908,7371],"class_list":["post-48160","post","type-post","status-publish","format-standard","has-post-thumbnail","hentry","category-noticias-nacionales","tag-director-general-del-ecu-911","tag-dr-juan-carlos-paladines"],"jetpack_featured_media_url":"https:\/\/radiocresatelital.com\/wp-content\/uploads\/2026\/02\/WhatsApp-Image-2026-02-25-at-16.12.17.jpeg","jetpack_sharing_enabled":true,"_links":{"self":[{"href":"https:\/\/radiocresatelital.com\/index.php?rest_route=\/wp\/v2\/posts\/48160","targetHints":{"allow":["GET"]}}],"collection":[{"href":"https:\/\/radiocresatelital.com\/index.php?rest_route=\/wp\/v2\/posts"}],"about":[{"href":"https:\/\/radiocresatelital.com\/index.php?rest_route=\/wp\/v2\/types\/post"}],"author":[{"embeddable":true,"href":"https:\/\/radiocresatelital.com\/index.php?rest_route=\/wp\/v2\/users\/2"}],"replies":[{"embeddable":true,"href":"https:\/\/radiocresatelital.com\/index.php?rest_route=%2Fwp%2Fv2%2Fcomments&post=48160"}],"version-history":[{"count":1,"href":"https:\/\/radiocresatelital.com\/index.php?rest_route=\/wp\/v2\/posts\/48160\/revisions"}],"predecessor-version":[{"id":48162,"href":"https:\/\/radiocresatelital.com\/index.php?rest_route=\/wp\/v2\/posts\/48160\/revisions\/48162"}],"wp:featuredmedia":[{"embeddable":true,"href":"https:\/\/radiocresatelital.com\/index.php?rest_route=\/wp\/v2\/media\/48161"}],"wp:attachment":[{"href":"https:\/\/radiocresatelital.com\/index.php?rest_route=%2Fwp%2Fv2%2Fmedia&parent=48160"}],"wp:term":[{"taxonomy":"category","embeddable":true,"href":"https:\/\/radiocresatelital.com\/index.php?rest_route=%2Fwp%2Fv2%2Fcategories&post=48160"},{"taxonomy":"post_tag","embeddable":true,"href":"https:\/\/radiocresatelital.com\/index.php?rest_route=%2Fwp%2Fv2%2Ftags&post=48160"}],"curies":[{"name":"wp","href":"https:\/\/api.w.org\/{rel}","templated":true}]}}