{"id":48020,"date":"2026-02-24T19:30:23","date_gmt":"2026-02-24T19:30:23","guid":{"rendered":"https:\/\/radiocresatelital.com\/?p=48020"},"modified":"2026-02-24T19:40:49","modified_gmt":"2026-02-24T19:40:49","slug":"gobierno-nacional-avanza-en-el-concurso-de-meritos-y-oposicion-mas-de-4-800-docentes-finalistas-rinden-clase-demostrativa-para-ingresar-a-educacion-general-basica","status":"publish","type":"post","link":"https:\/\/radiocresatelital.com\/?p=48020","title":{"rendered":"Gobierno Nacional avanza en el Concurso de M\u00e9ritos y Oposici\u00f3n: m\u00e1s de 4.800 docentes finalistas rinden clase demostrativa para ingresar a Educaci\u00f3n General B\u00e1sica"},"content":{"rendered":"<div class=\"row\">\n<section id=\"postcontent\" class=\"col-md-9 col-sm-6 line-right\">Quito.- El Ministerio de Educaci\u00f3n, Deporte y Cultura avanza en el proceso de selecci\u00f3n docente para las especialidades de Educaci\u00f3n General B\u00e1sica (EGB), de segundo a s\u00e9ptimo a\u00f1o, con la ejecuci\u00f3n de la fase de evaluaci\u00f3n pr\u00e1ctica. En esta etapa, los aspirantes finalistas demuestran sus competencias pedag\u00f3gicas mediante el desarrollo de una clase demostrativa.<\/p>\n<\/section>\n<section><\/section>\n<section class=\"col-md-9 col-sm-6 line-right\">Este proceso forma parte de la pol\u00edtica de valorizaci\u00f3n docente que impulsa el Gobierno Nacional, orientada a fortalecer la carrera profesional y garantizar la incorporaci\u00f3n de los mejores perfiles al sistema educativo p\u00fablico.El concurso, desarrollado en cumplimiento de la normativa legal vigente y en respuesta a las necesidades institucionales reportadas a escala nacional, registr\u00f3 un total de 11.190 profesionales inscritos.<\/p>\n<\/section>\n<section><\/section>\n<section class=\"col-md-9 col-sm-6 line-right\">De ellos, 4.864 postulantes clasificaron como finalistas y accedieron a la fase pr\u00e1ctica.La clase demostrativa constituye el eje central de esta etapa. Cada aspirante imparte una sesi\u00f3n de 45 minutos relacionada con la especialidad por la que concursa. La actividad es grabada \u00edntegramente a trav\u00e9s de la plataforma Microsoft Teams, lo que refuerza la transparencia y trazabilidad del proceso.Posteriormente, se realiza una entrevista presencial con una duraci\u00f3n m\u00e1xima de 15 minutos, en la que se eval\u00faan el dominio curricular, las estrategias metodol\u00f3gicas, la planificaci\u00f3n did\u00e1ctica y la capacidad de gesti\u00f3n en el aula. Las evaluaciones pr\u00e1cticas se desarrollan del 23 al 27 de febrero de 2026, conforme al cronograma nacional establecido.En esta fase participa un jurado conformado por la autoridad de la instituci\u00f3n educativa, un docente par y un padre o madre de familia, garantizando un proceso participativo con enfoque de corresponsabilidad. La evaluaci\u00f3n pr\u00e1ctica se califica sobre 25 puntos, distribuidos de la siguiente manera: 12 puntos asignados por la autoridad institucional, 10 por el docente par y 3 por el representante de padres o madres de familia.<\/p>\n<p>Los resultados son notificados de manera inmediata a los aspirantes a trav\u00e9s del correo electr\u00f3nico registrado en la plataforma de inscripci\u00f3n. De acuerdo con el cronograma oficial, quienes consideren pertinente podr\u00e1n solicitar la recalificaci\u00f3n entre el 6 y el 12 de marzo de 2026, mediante el mismo sistema inform\u00e1tico.<\/p>\n<p>El Ministerio de Educaci\u00f3n, Deporte y Cultura recuerda que todos los tr\u00e1mites relacionados con el Concurso de M\u00e9ritos y Oposici\u00f3n son gratuitos y ratifica su compromiso con la meritocracia, la transparencia y el fortalecimiento de una educaci\u00f3n de calidad para ni\u00f1as y ni\u00f1os en todo el pa\u00eds.<\/p>\n<\/section>\n<\/div>\n","protected":false},"excerpt":{"rendered":"<p>Quito.- El Ministerio de Educaci\u00f3n, Deporte y Cultura avanza en el proceso de selecci\u00f3n docente para las especialidades de Educaci\u00f3n General B\u00e1sica (EGB), de segundo a s\u00e9ptimo a\u00f1o, con la ejecuci\u00f3n de la fase de evaluaci\u00f3n pr\u00e1ctica. En esta etapa, los aspirantes finalistas demuestran sus competencias pedag\u00f3gicas mediante el desarrollo de una clase demostrativa. Este [&hellip;]<\/p>\n","protected":false},"author":2,"featured_media":48025,"comment_status":"open","ping_status":"closed","sticky":false,"template":"","format":"standard","meta":{"_jetpack_memberships_contains_paid_content":false,"footnotes":""},"categories":[13],"tags":[7880,444],"class_list":["post-48020","post","type-post","status-publish","format-standard","has-post-thumbnail","hentry","category-noticias-nacionales","tag-especialidades-de-educacion-general-basica","tag-ministerio-de-educacion"],"jetpack_featured_media_url":"https:\/\/radiocresatelital.com\/wp-content\/uploads\/2026\/02\/profe-clase-demostrativa-scaled.jpg","jetpack_sharing_enabled":true,"_links":{"self":[{"href":"https:\/\/radiocresatelital.com\/index.php?rest_route=\/wp\/v2\/posts\/48020","targetHints":{"allow":["GET"]}}],"collection":[{"href":"https:\/\/radiocresatelital.com\/index.php?rest_route=\/wp\/v2\/posts"}],"about":[{"href":"https:\/\/radiocresatelital.com\/index.php?rest_route=\/wp\/v2\/types\/post"}],"author":[{"embeddable":true,"href":"https:\/\/radiocresatelital.com\/index.php?rest_route=\/wp\/v2\/users\/2"}],"replies":[{"embeddable":true,"href":"https:\/\/radiocresatelital.com\/index.php?rest_route=%2Fwp%2Fv2%2Fcomments&post=48020"}],"version-history":[{"count":7,"href":"https:\/\/radiocresatelital.com\/index.php?rest_route=\/wp\/v2\/posts\/48020\/revisions"}],"predecessor-version":[{"id":48030,"href":"https:\/\/radiocresatelital.com\/index.php?rest_route=\/wp\/v2\/posts\/48020\/revisions\/48030"}],"wp:featuredmedia":[{"embeddable":true,"href":"https:\/\/radiocresatelital.com\/index.php?rest_route=\/wp\/v2\/media\/48025"}],"wp:attachment":[{"href":"https:\/\/radiocresatelital.com\/index.php?rest_route=%2Fwp%2Fv2%2Fmedia&parent=48020"}],"wp:term":[{"taxonomy":"category","embeddable":true,"href":"https:\/\/radiocresatelital.com\/index.php?rest_route=%2Fwp%2Fv2%2Fcategories&post=48020"},{"taxonomy":"post_tag","embeddable":true,"href":"https:\/\/radiocresatelital.com\/index.php?rest_route=%2Fwp%2Fv2%2Ftags&post=48020"}],"curies":[{"name":"wp","href":"https:\/\/api.w.org\/{rel}","templated":true}]}}