{"id":47806,"date":"2026-02-21T22:59:58","date_gmt":"2026-02-21T22:59:58","guid":{"rendered":"https:\/\/radiocresatelital.com\/?p=47806"},"modified":"2026-02-22T04:35:37","modified_gmt":"2026-02-22T04:35:37","slug":"gobierno-nacional-impulsa-curso-de-formacion-en-parentalidad-para-mas-de-14-mil-docentes-de-educacion-inicial","status":"publish","type":"post","link":"https:\/\/radiocresatelital.com\/?p=47806","title":{"rendered":"Gobierno Nacional impulsa curso de formaci\u00f3n en parentalidad para m\u00e1s de 14 mil docentes de Educaci\u00f3n Inicial"},"content":{"rendered":"<p>Quito.- El Gobierno Nacional, a trav\u00e9s del Ministerio de Educaci\u00f3n, Deporte y Cultura, impulsa el curso \u201cAcompa\u00f1ando a las familias y cuidadores en la pr\u00e1ctica de la parentalidad\u201d,\u00a0una iniciativa que beneficiar\u00e1 de manera directa a m\u00e1s de\u00a014 mil docentes de Educaci\u00f3n Inicial de sostenimiento fiscal y, de forma indirecta, a cerca de 248 mil ni\u00f1os de 3 y 4 a\u00f1os en todo el pa\u00eds.<\/p>\n<p>El lanzamiento oficial se realiz\u00f3 este viernes 20 de febrero en la ciudad de Guayaquil, en el marco del evento \u201cAprender para Transformar la Primera Infancia\u201d, donde se destac\u00f3 la importancia de fortalecer las capacidades pedag\u00f3gicas y socioemocionales de los docentes, as\u00ed como su rol como gu\u00edas y articuladores del proceso educativo junto a las familias.<\/p>\n<p>Esta acci\u00f3n reafirma el compromiso del Estado con la Primera Infancia, promoviendo relaciones colaborativas y de confianza entre escuela, hogar y comunidad. El curso busca brindar herramientas pr\u00e1cticas para que los docentes acompa\u00f1en a madres, padres y cuidadores en el ejercicio de la parentalidad positiva, consolidando entornos seguros, afectivos y estimulantes para el desarrollo integral de ni\u00f1as y ni\u00f1os.<\/p>\n<p>Actualmente, en la plataforma institucional \u201cMe Capacito\u201d se mantiene un curso dirigido a docentes de Educaci\u00f3n Inicial y Preparatoria. La implementaci\u00f3n de este nuevo programa formativo diversifica la oferta de capacitaci\u00f3n continua y se consolida como el segundo curso enfocado espec\u00edficamente en Educaci\u00f3n Inicial, fortaleciendo as\u00ed la calidad educativa desde los primeros a\u00f1os.<\/p>\n<p>Durante la presentaci\u00f3n oficial, el viceministro de Gesti\u00f3n Educativa, Juan Carlos Rodr\u00edguez, se\u00f1al\u00f3: \u201cEste acto que hoy compartimos es, en realidad, el reflejo de lo que ya est\u00e1 ocurriendo en sus corazones. Ustedes est\u00e1n encendiendo una luz interior que calentar\u00e1 hogares. Una luz que iluminar\u00e1 la manera en que acogen a un ni\u00f1o, y tambi\u00e9n c\u00f3mo acogen las preguntas y preocupaciones de una madre o un abuelo. Por eso, su formaci\u00f3n es tambi\u00e9n un acto de amor extendido, de alianza reforzada con la familia, que es el primer y m\u00e1s importante espacio educativo\u201d.<\/p>\n<p>El trabajo conjunto entre escuela y hogar es fundamental para garantizar el desarrollo integral desde los primeros a\u00f1os de vida, consolidando una Educaci\u00f3n Inicial de calidad y sentando bases s\u00f3lidas para el futuro de ni\u00f1as y ni\u00f1os del pa\u00eds.<\/p>\n<p>El Gobierno Nacional ratifica su compromiso con el fortalecimiento de la Educaci\u00f3n Inicial y la formaci\u00f3n permanente de los docentes como pilares esenciales para el desarrollo integral de la ni\u00f1ez. Invertir en la Primera Infancia es invertir en el presente y el futuro del Ecuador, construyendo una sociedad m\u00e1s equitativa, inclusiva y con mayores oportunidades para todos.<\/p>\n","protected":false},"excerpt":{"rendered":"<p>Quito.- El Gobierno Nacional, a trav\u00e9s del Ministerio de Educaci\u00f3n, Deporte y Cultura, impulsa el curso \u201cAcompa\u00f1ando a las familias y cuidadores en la pr\u00e1ctica de la parentalidad\u201d,\u00a0una iniciativa que beneficiar\u00e1 de manera directa a m\u00e1s de\u00a014 mil docentes de Educaci\u00f3n Inicial de sostenimiento fiscal y, de forma indirecta, a cerca de 248 mil ni\u00f1os [&hellip;]<\/p>\n","protected":false},"author":2,"featured_media":47809,"comment_status":"open","ping_status":"closed","sticky":false,"template":"","format":"standard","meta":{"_jetpack_memberships_contains_paid_content":false,"footnotes":""},"categories":[13],"tags":[444],"class_list":["post-47806","post","type-post","status-publish","format-standard","has-post-thumbnail","hentry","category-noticias-nacionales","tag-ministerio-de-educacion"],"jetpack_featured_media_url":"https:\/\/radiocresatelital.com\/wp-content\/uploads\/2026\/02\/cd1cb4ae6242f336c380407958cdd257_XL.jpg","jetpack_sharing_enabled":true,"_links":{"self":[{"href":"https:\/\/radiocresatelital.com\/index.php?rest_route=\/wp\/v2\/posts\/47806","targetHints":{"allow":["GET"]}}],"collection":[{"href":"https:\/\/radiocresatelital.com\/index.php?rest_route=\/wp\/v2\/posts"}],"about":[{"href":"https:\/\/radiocresatelital.com\/index.php?rest_route=\/wp\/v2\/types\/post"}],"author":[{"embeddable":true,"href":"https:\/\/radiocresatelital.com\/index.php?rest_route=\/wp\/v2\/users\/2"}],"replies":[{"embeddable":true,"href":"https:\/\/radiocresatelital.com\/index.php?rest_route=%2Fwp%2Fv2%2Fcomments&post=47806"}],"version-history":[{"count":1,"href":"https:\/\/radiocresatelital.com\/index.php?rest_route=\/wp\/v2\/posts\/47806\/revisions"}],"predecessor-version":[{"id":47808,"href":"https:\/\/radiocresatelital.com\/index.php?rest_route=\/wp\/v2\/posts\/47806\/revisions\/47808"}],"wp:featuredmedia":[{"embeddable":true,"href":"https:\/\/radiocresatelital.com\/index.php?rest_route=\/wp\/v2\/media\/47809"}],"wp:attachment":[{"href":"https:\/\/radiocresatelital.com\/index.php?rest_route=%2Fwp%2Fv2%2Fmedia&parent=47806"}],"wp:term":[{"taxonomy":"category","embeddable":true,"href":"https:\/\/radiocresatelital.com\/index.php?rest_route=%2Fwp%2Fv2%2Fcategories&post=47806"},{"taxonomy":"post_tag","embeddable":true,"href":"https:\/\/radiocresatelital.com\/index.php?rest_route=%2Fwp%2Fv2%2Ftags&post=47806"}],"curies":[{"name":"wp","href":"https:\/\/api.w.org\/{rel}","templated":true}]}}