{"id":47803,"date":"2026-02-21T22:56:07","date_gmt":"2026-02-21T22:56:07","guid":{"rendered":"https:\/\/radiocresatelital.com\/?p=47803"},"modified":"2026-02-22T04:18:18","modified_gmt":"2026-02-22T04:18:18","slug":"pacientes-del-hospital-guayaquil-recuperan-su-audicion-gracias-a-la-colocacion-de-implantes-cocleares","status":"publish","type":"post","link":"https:\/\/radiocresatelital.com\/?p=47803","title":{"rendered":"Pacientes del Hospital Guayaquil recuperan su audici\u00f3n gracias a la colocaci\u00f3n de implantes cocleares"},"content":{"rendered":"<p>Guayaquil.- El Ministerio de Salud P\u00fablica (MSP) fortalece su compromiso con la atenci\u00f3n integral a pacientes prioritarios del pa\u00eds. En el Hospital de Especialidades Guayaquil Dr. Abel Gilbert Pont\u00f3n, siete pacientes se beneficiaron de un procedimiento de implantes cocleares, una intervenci\u00f3n de elevada complejidad, pues constituye una alternativa terap\u00e9utica para personas con p\u00e9rdida auditiva severa a profunda.<\/p>\n<p>Estos pacientes hab\u00edan perdido la audici\u00f3n y hoy pueden volver a escuchar. Se sienten m\u00e1s seguros, han retomado su rutina y se consideran parte activa de la sociedad con condiciones \u00f3ptimas para una mayor calidad de vida.<\/p>\n<p>La intervenci\u00f3n est\u00e1 dirigida a usuarios con hipoacusia bilateral, en quienes los dispositivos auditivos convencionales han dejado de ofrecer una respuesta funcional. A trav\u00e9s de la colocaci\u00f3n del implante, se estimula de manera directa el nervio auditivo, permitiendo que el cerebro reciba se\u00f1ales sonoras que favorecen la recuperaci\u00f3n progresiva de la percepci\u00f3n auditiva.<\/p>\n<p>El proceso se ejecuta bajo un enfoque integral, a cargo de un equipo multidisciplinario liderado por el especialista en otorrinolaringolog\u00eda e integrado por profesionales de audiolog\u00eda, psicolog\u00eda, cardiolog\u00eda, anestesiolog\u00eda, rehabilitaci\u00f3n, trabajo social e imagenolog\u00eda, garantizando un acompa\u00f1amiento continuo a los usuarios durante las fases preoperatoria, intraoperatoria y postoperatoria.<\/p>\n<p>Para este a\u00f1o 2026 se proyecta ampliar el programa de implantes cocleares, lo que evidencia el alcance progresivo de estas intervenciones y el cumplimiento de los objetivos institucionales orientados a mejorar el acceso a procedimientos de alta complejidad en beneficio de personas con discapacidad.<\/p>\n<p>De esta manera, el Gobierno Nacional reafirma su misi\u00f3n y compromiso institucional de fortalecer la innovaci\u00f3n en los servicios que ofrece, contribuyendo de forma sostenida a mejorar la calidad de vida de la poblaci\u00f3n.<\/p>\n","protected":false},"excerpt":{"rendered":"<p>Guayaquil.- El Ministerio de Salud P\u00fablica (MSP) fortalece su compromiso con la atenci\u00f3n integral a pacientes prioritarios del pa\u00eds. En el Hospital de Especialidades Guayaquil Dr. Abel Gilbert Pont\u00f3n, siete pacientes se beneficiaron de un procedimiento de implantes cocleares, una intervenci\u00f3n de elevada complejidad, pues constituye una alternativa terap\u00e9utica para personas con p\u00e9rdida auditiva severa [&hellip;]<\/p>\n","protected":false},"author":2,"featured_media":47804,"comment_status":"open","ping_status":"closed","sticky":false,"template":"","format":"standard","meta":{"_jetpack_memberships_contains_paid_content":false,"footnotes":""},"categories":[13],"tags":[4496,148],"class_list":["post-47803","post","type-post","status-publish","format-standard","has-post-thumbnail","hentry","category-noticias-nacionales","tag-hospital-de-especialidades-guayaquil-dr-abel-gilbert-ponton","tag-ministerio-de-salud-publica"],"jetpack_featured_media_url":"https:\/\/radiocresatelital.com\/wp-content\/uploads\/2026\/02\/IMG_4794-scaled-1.jpeg","jetpack_sharing_enabled":true,"_links":{"self":[{"href":"https:\/\/radiocresatelital.com\/index.php?rest_route=\/wp\/v2\/posts\/47803","targetHints":{"allow":["GET"]}}],"collection":[{"href":"https:\/\/radiocresatelital.com\/index.php?rest_route=\/wp\/v2\/posts"}],"about":[{"href":"https:\/\/radiocresatelital.com\/index.php?rest_route=\/wp\/v2\/types\/post"}],"author":[{"embeddable":true,"href":"https:\/\/radiocresatelital.com\/index.php?rest_route=\/wp\/v2\/users\/2"}],"replies":[{"embeddable":true,"href":"https:\/\/radiocresatelital.com\/index.php?rest_route=%2Fwp%2Fv2%2Fcomments&post=47803"}],"version-history":[{"count":1,"href":"https:\/\/radiocresatelital.com\/index.php?rest_route=\/wp\/v2\/posts\/47803\/revisions"}],"predecessor-version":[{"id":47805,"href":"https:\/\/radiocresatelital.com\/index.php?rest_route=\/wp\/v2\/posts\/47803\/revisions\/47805"}],"wp:featuredmedia":[{"embeddable":true,"href":"https:\/\/radiocresatelital.com\/index.php?rest_route=\/wp\/v2\/media\/47804"}],"wp:attachment":[{"href":"https:\/\/radiocresatelital.com\/index.php?rest_route=%2Fwp%2Fv2%2Fmedia&parent=47803"}],"wp:term":[{"taxonomy":"category","embeddable":true,"href":"https:\/\/radiocresatelital.com\/index.php?rest_route=%2Fwp%2Fv2%2Fcategories&post=47803"},{"taxonomy":"post_tag","embeddable":true,"href":"https:\/\/radiocresatelital.com\/index.php?rest_route=%2Fwp%2Fv2%2Ftags&post=47803"}],"curies":[{"name":"wp","href":"https:\/\/api.w.org\/{rel}","templated":true}]}}