{"id":47800,"date":"2026-02-21T23:47:48","date_gmt":"2026-02-21T23:47:48","guid":{"rendered":"https:\/\/radiocresatelital.com\/?p=47800"},"modified":"2026-02-22T04:35:20","modified_gmt":"2026-02-22T04:35:20","slug":"ante-la-alerta-roja-por-las-lluvias-la-prefectura-del-guayas-se-movilizo-a-puntos-criticos-para-proteger-a-la-poblacion-y-a-la-produccion","status":"publish","type":"post","link":"https:\/\/radiocresatelital.com\/?p=47800","title":{"rendered":"Ante la alerta roja por las lluvias, la Prefectura del Guayas se moviliz\u00f3 a puntos cr\u00edticos, para proteger a la poblaci\u00f3n y a la producci\u00f3n"},"content":{"rendered":"<p>Guayaquil.- La Prefecta Marcela Agui\u00f1aga moviliz\u00f3 a todo el Gobierno Provincial del Guayas ante la alerta roja por las lluvias, reportada para la provincia en este fin de semana. Personal de las direcciones de Obras P\u00fablicas, de Riego, de Gesti\u00f3n de Riesgos y m\u00e1s, se movilizaron hasta los puntos m\u00e1s cr\u00edticos para salvaguardar a la poblaci\u00f3n y la producci\u00f3n; mientras que se mantuvo el monitoreo y la articulaci\u00f3n con otros organismos a trav\u00e9s del Comit\u00e9 de Operaciones de Emergencia (COE), que lo lidera la ejecutiva guayasense.<\/p>\n<p>A trav\u00e9s de la red social X, la m\u00e1xima autoridad en Guayas inform\u00f3 que, desde el inicio de la temporada invernal, \u201cel COE Provincial se declar\u00f3 en sesi\u00f3n permanente, se activaron de inmediato los equipos de Riesgos, Infraestructura y Productividad. Se puso en marcha el Bono Agr\u00edcola para atender a los productores con p\u00e9rdida total de cultivos, se activaron nuestras brigadas m\u00e9dicas y sociales para brindar atenci\u00f3n directa a las familias afectadas. Porque en momentos dif\u00edciles no improvisamos: planificamos, actuamos y acompa\u00f1amos\u201d.<\/p>\n<p>Las alertas por inundaciones abarcaron a las ciudadelas El Recreo y Panorama, as\u00ed como en los recintos La Ensenada, 12 Hermanos, Magdalena 1, 2 y 3, en Dur\u00e1n; en el sector Bajo Verde, de Casas Viejas, en Guayaquil; en Petrillo-Primavera, en Nobol; en sector Jaguito y Caimital, en Naranjal; recinto Pedro V\u00e9lez, en El Empalme; y, Flor Amelia y La Bocanada, en Salitre.<\/p>\n<p>\u201cHemos tenido en la provincia 24 emergencias, de las cuales, 11 ya han sido atendidas y las restantes son de obras de infraestructura, como ductos cajones, tuber\u00edas, reforzamiento de muros de gaviones, entre otras. La Prefectura del Guayas no cesa en su trabajo\u201d, detall\u00f3 el director de Gesti\u00f3n de Riesgos, Carlos Cuesta.<\/p>\n<p>En Dur\u00e1n, el Gobierno Provincial logr\u00f3 identificar tres puntos cr\u00edticos para ser atendidos ante las inundaciones que han afectado a La Ensenada, Rosa Elvira, Magdalena 1 y otras poblaciones ubicadas en la v\u00eda de acceso a la parroquia Taura. \u201cLa Prefectura tuvo una acci\u00f3n inmediata, para<br \/>\nque se movilice el personal y la maquinaria. Estamos desde el d\u00eda de ayer (viernes) trabajando en hacer desazolve y algunos destapes para que el agua pueda fluir hacia el r\u00edo\u201d, inform\u00f3 Juan Carlos Proa\u00f1o, director de Riego, Drenaje y Dragas.<\/p>\n<p>Adem\u00e1s, en Jujan, debido a la fuerte creciente del r\u00edo Amarillo, las labores se concentran en el denominado Punto 2 del recinto El Tr\u00e1nsito, con el enrocado de 50 metros con piedra escollera.<\/p>\n<p>Mientras que, en Naranjito, se reconstruye un tramo de 80 metros del muro a la altura del recinto Rocafuerte, que fue afectado por las crecidas del r\u00edo Chimbo.<\/p>\n<p>El Convoy del Cuidado brind\u00f3 atenci\u00f3n al sector de La Nueva Naranjal, en el cant\u00f3n del mismo nombre. Se brind\u00f3 especial atenci\u00f3n a cuidadoras del hogar, ni\u00f1os y personas vulnerables.<\/p>\n","protected":false},"excerpt":{"rendered":"<p>Guayaquil.- La Prefecta Marcela Agui\u00f1aga moviliz\u00f3 a todo el Gobierno Provincial del Guayas ante la alerta roja por las lluvias, reportada para la provincia en este fin de semana. Personal de las direcciones de Obras P\u00fablicas, de Riego, de Gesti\u00f3n de Riesgos y m\u00e1s, se movilizaron hasta los puntos m\u00e1s cr\u00edticos para salvaguardar a la [&hellip;]<\/p>\n","protected":false},"author":2,"featured_media":47801,"comment_status":"open","ping_status":"closed","sticky":false,"template":"","format":"standard","meta":{"_jetpack_memberships_contains_paid_content":false,"footnotes":""},"categories":[13],"tags":[5968,2699],"class_list":["post-47800","post","type-post","status-publish","format-standard","has-post-thumbnail","hentry","category-noticias-nacionales","tag-gobierno-provincial-del-guayas","tag-prefecta-marcela-aguinaga"],"jetpack_featured_media_url":"https:\/\/radiocresatelital.com\/wp-content\/uploads\/2026\/02\/WhatsApp-Image-2026-02-21-at-19.24.36-1.jpeg","jetpack_sharing_enabled":true,"_links":{"self":[{"href":"https:\/\/radiocresatelital.com\/index.php?rest_route=\/wp\/v2\/posts\/47800","targetHints":{"allow":["GET"]}}],"collection":[{"href":"https:\/\/radiocresatelital.com\/index.php?rest_route=\/wp\/v2\/posts"}],"about":[{"href":"https:\/\/radiocresatelital.com\/index.php?rest_route=\/wp\/v2\/types\/post"}],"author":[{"embeddable":true,"href":"https:\/\/radiocresatelital.com\/index.php?rest_route=\/wp\/v2\/users\/2"}],"replies":[{"embeddable":true,"href":"https:\/\/radiocresatelital.com\/index.php?rest_route=%2Fwp%2Fv2%2Fcomments&post=47800"}],"version-history":[{"count":1,"href":"https:\/\/radiocresatelital.com\/index.php?rest_route=\/wp\/v2\/posts\/47800\/revisions"}],"predecessor-version":[{"id":47802,"href":"https:\/\/radiocresatelital.com\/index.php?rest_route=\/wp\/v2\/posts\/47800\/revisions\/47802"}],"wp:featuredmedia":[{"embeddable":true,"href":"https:\/\/radiocresatelital.com\/index.php?rest_route=\/wp\/v2\/media\/47801"}],"wp:attachment":[{"href":"https:\/\/radiocresatelital.com\/index.php?rest_route=%2Fwp%2Fv2%2Fmedia&parent=47800"}],"wp:term":[{"taxonomy":"category","embeddable":true,"href":"https:\/\/radiocresatelital.com\/index.php?rest_route=%2Fwp%2Fv2%2Fcategories&post=47800"},{"taxonomy":"post_tag","embeddable":true,"href":"https:\/\/radiocresatelital.com\/index.php?rest_route=%2Fwp%2Fv2%2Ftags&post=47800"}],"curies":[{"name":"wp","href":"https:\/\/api.w.org\/{rel}","templated":true}]}}