{"id":47696,"date":"2026-02-19T20:26:25","date_gmt":"2026-02-19T20:26:25","guid":{"rendered":"https:\/\/radiocresatelital.com\/?p=47696"},"modified":"2026-02-19T23:27:49","modified_gmt":"2026-02-19T23:27:49","slug":"el-proyecto-alza-tu-voz-represento-a-ecuador-en-el-global-learning-forum-en-accra-ghana","status":"publish","type":"post","link":"https:\/\/radiocresatelital.com\/?p=47696","title":{"rendered":"El proyecto Alza Tu Voz represent\u00f3 a Ecuador en el Global Learning Forum en Accra, Ghana"},"content":{"rendered":"<p>Ghana. \u2013 El proyecto Alza Tu Voz represent\u00f3 a Ecuador en el Global Learning Forum desarrollado en\u00a0 Ho y Accra, Ghana, un espacio internacional que reuni\u00f3 a adolescentes y equipos t\u00e9cnicos de seis pa\u00edses: Ecuador, Ghana, India, Indonesia, Colombia y Senegal, en el marco de la iniciativa global Healthy Cities for Adolescents de Fundaci\u00f3n Botnar en Suiza. En Ecuador es liderado por el laboratorio de innovaci\u00f3n social y educativa LAB-XXI junto a Fundaci\u00f3n Datalat, la consultora urbana Huasipichanga, la Escuela Superior Polit\u00e9cnica de Chimborazo (ESPOCH) y los Gobiernos Aut\u00f3nomos Descentralizados de Quevedo y Riobamba.<\/p>\n<p>El foro fue concebido como un intercambio de aprendizajes entre proyectos que est\u00e1n impulsando transformaciones urbanas centradas en el bienestar adolescente. Durante el encuentro, las y los adolescentes lideraron di\u00e1logos urbanos, compartieron experiencias de incidencia y presentaron soluciones concretas para construir ciudades m\u00e1s inclusivas. La participaci\u00f3n adolescente fue el eje central del espacio, reafirmando un principio fundamental de la iniciativa: las ciudades deben dise\u00f1arse con y para adolescentes.<\/p>\n<p>Alza Tu Voz promueve la participaci\u00f3n significativa de adolescentes en la transformaci\u00f3n de sus ciudades mediante procesos de co-dise\u00f1o, incidencia, salud mental comunitaria, innovaci\u00f3n digital, revitalizaci\u00f3n del espacio p\u00fablico y fortalecimiento de la cohesi\u00f3n social en sus comunidades desde 2023 en Riobamba y Quevedo.<\/p>\n<p>En este escenario internacional, la delegaci\u00f3n ecuatoriana que se conform\u00f3 por adolescentes del grupo n\u00facleo de cada ciudad y representantes de cada organizaci\u00f3n,\u00a0 destac\u00f3 hitos relevantes de Alza Tu Voz alcanzados en las ciudades de Quevedo y Riobamba. Se present\u00f3 la declaraci\u00f3n del barrio Bellavista como el \u201cBarrio de las y los Adolescentes\u201d en Riobamba, un reconocimiento simb\u00f3lico y pol\u00edtico que posiciona a la adolescencia como protagonista del desarrollo territorial.<\/p>\n<p>Asimismo, se comparti\u00f3 el proceso de creaci\u00f3n de la Ordenanza por la Juventud y Adolescencia en Quevedo, una normativa construida con involucramiento activo de adolescentes del proyecto que participaron en mesas de di\u00e1logo, formulaci\u00f3n de propuestas y espacios de incidencia p\u00fablica. Con esta participaci\u00f3n, Quevedo se posiciona como un referente regional en la implementaci\u00f3n de pol\u00edticas p\u00fablicas que priorizan el desarrollo integral de las nuevas generaciones y demuestra que los proyectos\u00a0 en salud mental, formaci\u00f3n, participaci\u00f3n ciudadana y acceso a\u00a0 espacios p\u00fablicos son clave para construir ciudades m\u00e1s resilientes.<\/p>\n<p>El Global Learning Forum en Accra consolid\u00f3 una red internacional de adolescentes l\u00edderes que est\u00e1n influyendo activamente en la agenda urbana global. M\u00e1s que un encuentro, fue un espacio estrat\u00e9gico para compartir metodolog\u00edas, aprendizajes y desaf\u00edos comunes entre contextos diversos del sur global, reafirmando que cuando se crean condiciones reales para la participaci\u00f3n juvenil, las ciudades pueden transformarse en espacios m\u00e1s eficientes y seguros para todas y todos<\/p>\n","protected":false},"excerpt":{"rendered":"<p>Ghana. \u2013 El proyecto Alza Tu Voz represent\u00f3 a Ecuador en el Global Learning Forum desarrollado en\u00a0 Ho y Accra, Ghana, un espacio internacional que reuni\u00f3 a adolescentes y equipos t\u00e9cnicos de seis pa\u00edses: Ecuador, Ghana, India, Indonesia, Colombia y Senegal, en el marco de la iniciativa global Healthy Cities for Adolescents de Fundaci\u00f3n Botnar [&hellip;]<\/p>\n","protected":false},"author":2,"featured_media":47697,"comment_status":"open","ping_status":"closed","sticky":false,"template":"","format":"standard","meta":{"_jetpack_memberships_contains_paid_content":false,"footnotes":""},"categories":[11],"tags":[7822,7823],"class_list":["post-47696","post","type-post","status-publish","format-standard","has-post-thumbnail","hentry","category-noticias-internacionales","tag-alza-tu-voz","tag-global-learning-forum"],"jetpack_featured_media_url":"https:\/\/radiocresatelital.com\/wp-content\/uploads\/2026\/02\/WhatsApp-Image-2026-02-18-at-09.13.06.jpeg","jetpack_sharing_enabled":true,"_links":{"self":[{"href":"https:\/\/radiocresatelital.com\/index.php?rest_route=\/wp\/v2\/posts\/47696","targetHints":{"allow":["GET"]}}],"collection":[{"href":"https:\/\/radiocresatelital.com\/index.php?rest_route=\/wp\/v2\/posts"}],"about":[{"href":"https:\/\/radiocresatelital.com\/index.php?rest_route=\/wp\/v2\/types\/post"}],"author":[{"embeddable":true,"href":"https:\/\/radiocresatelital.com\/index.php?rest_route=\/wp\/v2\/users\/2"}],"replies":[{"embeddable":true,"href":"https:\/\/radiocresatelital.com\/index.php?rest_route=%2Fwp%2Fv2%2Fcomments&post=47696"}],"version-history":[{"count":1,"href":"https:\/\/radiocresatelital.com\/index.php?rest_route=\/wp\/v2\/posts\/47696\/revisions"}],"predecessor-version":[{"id":47698,"href":"https:\/\/radiocresatelital.com\/index.php?rest_route=\/wp\/v2\/posts\/47696\/revisions\/47698"}],"wp:featuredmedia":[{"embeddable":true,"href":"https:\/\/radiocresatelital.com\/index.php?rest_route=\/wp\/v2\/media\/47697"}],"wp:attachment":[{"href":"https:\/\/radiocresatelital.com\/index.php?rest_route=%2Fwp%2Fv2%2Fmedia&parent=47696"}],"wp:term":[{"taxonomy":"category","embeddable":true,"href":"https:\/\/radiocresatelital.com\/index.php?rest_route=%2Fwp%2Fv2%2Fcategories&post=47696"},{"taxonomy":"post_tag","embeddable":true,"href":"https:\/\/radiocresatelital.com\/index.php?rest_route=%2Fwp%2Fv2%2Ftags&post=47696"}],"curies":[{"name":"wp","href":"https:\/\/api.w.org\/{rel}","templated":true}]}}