{"id":47446,"date":"2026-02-11T23:39:13","date_gmt":"2026-02-11T23:39:13","guid":{"rendered":"https:\/\/radiocresatelital.com\/?p=47446"},"modified":"2026-02-11T23:39:13","modified_gmt":"2026-02-11T23:39:13","slug":"asociacion-de-futbolistas-espanoles-dejara-de-pertenecer-a-fifpro","status":"publish","type":"post","link":"https:\/\/radiocresatelital.com\/?p=47446","title":{"rendered":"Asociaci\u00f3n de Futbolistas Espa\u00f1oles dejar\u00e1 de pertenecer a FIFPRO"},"content":{"rendered":"<p>Madrid.-La Asociaci\u00f3n de Futbolistas Espa\u00f1oles (AFE) tiene pensado dejar de pertenecer al sindicato internacional de futbolistas, (FIFPRO) donde tiene previsto crear un nuevo sindicato mundial de futbolistas, \u00abcon el objetivo de fortalecer la interlocuci\u00f3n con operadores del deporte mundial\u00bb.<\/p>\n<p>La medida fue aprobada este mi\u00e9rcoles en la Asamblea General Extraordinaria con el respaldo del 99,6 % de los votos, a propuesta de la junta directiva que preside David Aganzo, que fue presidente de FIFPRO entre noviembre de 2021 y mayo de 2024.<\/p>\n<p>La Junta Directiva de AFE argument\u00f3 esta decisi\u00f3n \u00abpor la absoluta falta de transparencia de FIFPRO, adem\u00e1s de su nula interlocuci\u00f3n con instituciones de \u00e1mbito internacional, algo que perjudica a los y las futbolistas\u00bb.<\/p>\n<p>Por otro lado, se aprob\u00f3 la inclusi\u00f3n en los Estatutos de AFE del nuevo Art\u00edculo 48, en relaci\u00f3n a la nueva condici\u00f3n de \u00abmiembros o afiliados\u00bb a aquellos futbolistas que en cualquier momento de su carrera hayan tenido licencia federativa en Espa\u00f1a, reserv\u00e1ndose la Junta Directiva el poder de establecer requisitos de admisi\u00f3n, exclusi\u00f3n o expulsi\u00f3n a estos \u00absimpatizantes\u00bb.<\/p>\n<p>Asimismo, tambi\u00e9n se dio luz verde al acta de la Asamblea General Extraordinaria anterior, de fecha 13 de mayo de 2024, y el acta de la Asamblea.<\/p>\n","protected":false},"excerpt":{"rendered":"<p>Madrid.-La Asociaci\u00f3n de Futbolistas Espa\u00f1oles (AFE) tiene pensado dejar de pertenecer al sindicato internacional de futbolistas, (FIFPRO) donde tiene previsto crear un nuevo sindicato mundial de futbolistas, \u00abcon el objetivo de fortalecer la interlocuci\u00f3n con operadores del deporte mundial\u00bb. La medida fue aprobada este mi\u00e9rcoles en la Asamblea General Extraordinaria con el respaldo del 99,6 [&hellip;]<\/p>\n","protected":false},"author":2,"featured_media":47447,"comment_status":"open","ping_status":"closed","sticky":false,"template":"","format":"standard","meta":{"_jetpack_memberships_contains_paid_content":false,"footnotes":""},"categories":[7],"tags":[7778,5085],"class_list":["post-47446","post","type-post","status-publish","format-standard","has-post-thumbnail","hentry","category-futbol-internacional","tag-asociacion-de-futbolistas-espanoles","tag-fifpro"],"jetpack_featured_media_url":"https:\/\/radiocresatelital.com\/wp-content\/uploads\/2026\/02\/BuX8yO0CEAAf6NQ.jpg","jetpack_sharing_enabled":true,"_links":{"self":[{"href":"https:\/\/radiocresatelital.com\/index.php?rest_route=\/wp\/v2\/posts\/47446","targetHints":{"allow":["GET"]}}],"collection":[{"href":"https:\/\/radiocresatelital.com\/index.php?rest_route=\/wp\/v2\/posts"}],"about":[{"href":"https:\/\/radiocresatelital.com\/index.php?rest_route=\/wp\/v2\/types\/post"}],"author":[{"embeddable":true,"href":"https:\/\/radiocresatelital.com\/index.php?rest_route=\/wp\/v2\/users\/2"}],"replies":[{"embeddable":true,"href":"https:\/\/radiocresatelital.com\/index.php?rest_route=%2Fwp%2Fv2%2Fcomments&post=47446"}],"version-history":[{"count":1,"href":"https:\/\/radiocresatelital.com\/index.php?rest_route=\/wp\/v2\/posts\/47446\/revisions"}],"predecessor-version":[{"id":47448,"href":"https:\/\/radiocresatelital.com\/index.php?rest_route=\/wp\/v2\/posts\/47446\/revisions\/47448"}],"wp:featuredmedia":[{"embeddable":true,"href":"https:\/\/radiocresatelital.com\/index.php?rest_route=\/wp\/v2\/media\/47447"}],"wp:attachment":[{"href":"https:\/\/radiocresatelital.com\/index.php?rest_route=%2Fwp%2Fv2%2Fmedia&parent=47446"}],"wp:term":[{"taxonomy":"category","embeddable":true,"href":"https:\/\/radiocresatelital.com\/index.php?rest_route=%2Fwp%2Fv2%2Fcategories&post=47446"},{"taxonomy":"post_tag","embeddable":true,"href":"https:\/\/radiocresatelital.com\/index.php?rest_route=%2Fwp%2Fv2%2Ftags&post=47446"}],"curies":[{"name":"wp","href":"https:\/\/api.w.org\/{rel}","templated":true}]}}