{"id":47443,"date":"2026-02-11T23:35:31","date_gmt":"2026-02-11T23:35:31","guid":{"rendered":"https:\/\/radiocresatelital.com\/?p=47443"},"modified":"2026-02-11T23:35:31","modified_gmt":"2026-02-11T23:35:31","slug":"uefa-clubes-europeos-llegaron-a-un-acuerdo-para-mejorar-en-el-futuro","status":"publish","type":"post","link":"https:\/\/radiocresatelital.com\/?p=47443","title":{"rendered":"UEFA, Clubes Europeos llegaron a un acuerdo para mejorar en el futuro"},"content":{"rendered":"<p>Madrid.- UEFA, los Clubes Europeos (EFC) junto al Real Madrid han conseguido llegar a un acuerdo para tener un mejor f\u00fatbol, que sirvan para resolver disputas legales relacionadas con la Superliga, as\u00ed lo dio a conocer UEFA.<\/p>\n<p>\u00abTras meses de conversaciones llevadas a cabo en el mejor inter\u00e9s del f\u00fatbol europeo, la UEFA, los Clubes de F\u00fatbol Europeos (EFC) y el Real Madrid anuncian un acuerdo de principios para el bienestar del f\u00fatbol de clubes europeo, respetando el principio del m\u00e9rito deportivo con \u00e9nfasis en la sostenibilidad de los clubes a largo plazo y la mejora de la experiencia de los aficionados mediante el uso de la tecnolog\u00eda\u00bb, indic\u00f3 en un comunicado.<\/p>\n<p>El texto a\u00f1ade que \u00abeste acuerdo de principios servir\u00e1 tambi\u00e9n para resolver sus disputas legales relacionadas con la Superliga Europea, una vez que dichos principios sean ejecutados e implementados\u00bb.<\/p>\n<p>El anuncio de la UEFA se produce ante la reuni\u00f3n de su Comit\u00e9 Ejecutivo hoy en Bruselas y el 50 Congreso Ordinario del organismo que se celebrar\u00e1 este jueves en la capital comunitaria y d\u00edas despu\u00e9s de la comunicaci\u00f3n del Barcelona de su desvinculaci\u00f3n formal del proyecto de la Superliga, el pasado 7 de febrero.<\/p>\n<p>El club azulgrana fue el \u00faltimo en apartarse totalmente, en pleno proceso electoral, con Joan Laporta optando a la reelecci\u00f3n, y tambi\u00e9n meses despu\u00e9s de que este hiciera un acercamiento para volver a la Asociaci\u00f3n Europea de Clubes (EFC) que dej\u00f3 al comprometerse con la Superliga, que ya solo apoyaba el Real Madrid.<\/p>\n<p>Su presidente, Florentino P\u00e9rez, defendi\u00f3 en la \u00faltima asamblea de socios a finales de noviembre que no se iba a detener y que iba a impulsar la creaci\u00f3n de la Superliga, \u00abla competici\u00f3n del futuro\u00bb, reivindicando la libertad de los clubes de crearla y anunciando una reclamaci\u00f3n econ\u00f3mica a UEFA por \u00ablos da\u00f1os creados\u00bb.<\/p>\n<p>Tambi\u00e9n la empresa promotora de la competici\u00f3n, A22 Sports Management, confirm\u00f3 horas despu\u00e9s el inicio de los tr\u00e1mites previos a la interposici\u00f3n de una demanda judicial por da\u00f1os y perjuicios contra la UEFA, adem\u00e1s de pedir el reconocimiento de la competici\u00f3n.<\/p>\n<p>Ambas actuaciones ocurrieron despu\u00e9s del \u00faltimo pronunciamiento judicial del caso, en octubre pasado, cuando la Audiencia Provincial de Madrid desestim\u00f3 un recurso en su contra.<\/p>\n<p>La Superliga lleg\u00f3 anteriormente al Tribunal de Justicia de la Uni\u00f3n Europea (TJUE), en diciembre de 2023, que dictamin\u00f3 que la UEFA abusaba de su posici\u00f3n de monopolio en el mercado de competiciones europeas de clubes, vulnerando el Derecho de la Competencia de la UE.<\/p>\n<p>En su fallo, avalado\u00a0el \u00faltimo octubre por la Audiencia Provincial de Madrid, el TJUE exigi\u00f3 a la UEFA la apertura del mercado a terceros organizadores, tales como A22.<\/p>\n<p>En 2025, A22 solicit\u00f3 formalmente a la UEFA el reconocimiento de la Liga Unify, su propuesta para nuevas competiciones europeas, ajustada a los \u00abrequisitos establecidos por la sentencia del TJUE\u00bb, en un proceso de negociaciones de siete meses de duraci\u00f3n (entre marzo y septiembre de 2025), en lo que la empresa entiendi\u00f3 como \u00abun esfuerzo por acordar una soluci\u00f3n integral y cooperativa a los litigios en curso\u00bb con la UEFA.<\/p>\n<p><img decoding=\"async\" src=\"https:\/\/i0.wp.com\/efe.com\/wp-content\/uploads\/2026\/02\/uefa-real-madrid-superliga.webp?fit=900%2C556&amp;ssl=1\" alt=\"El presidente de la UEFA, Aleksander Ceferin.\" \/><\/p>\n<p>El anuncio de la creaci\u00f3n de la Superliga en abril de 2021, respaldada por los clubes ingleses Arsenal, Chelsea, Liverpool, Manchester City, Manchester United y Tottenham Hotspur; los italianos Milan, Inter de Mil\u00e1n y Juventus; y los espa\u00f1oles Atl\u00e9tico de Madrid, Real Madrid y Barcelona, tuvo el rechazo total de la UEFA, mantenido hasta ahora, y supuso un cisma en el f\u00fatbol europeo.<\/p>\n<p>Entre sus consecuencias, el italiano Andrea Agnelli, que presid\u00eda el Juventus, dej\u00f3 la presidencia de la Asociaci\u00f3n Europea de Clubes -antigua ECA y ahora denominada EFC-, que ahora ocupa el catar\u00ed Nasser Al-Khelaifi.<\/p>\n<p>Numerosos aficionados de clubes ingleses protestaron en la calle contra la competici\u00f3n y las instituciones europeas se posicionaron en contra de un proyecto que actualmente solo defend\u00eda el Real Madrid.<\/p>\n<p>El presidente de LaLiga, Javier Tebas, asegur\u00f3 que \u00abuna competici\u00f3n de uno contra s\u00ed mismo era imposible\u00bb, en alusi\u00f3n a la defensa de la Superliga por el Real Madrid y record\u00f3 que Florentino P\u00e9rez \u00abhace menos de 90 d\u00edas sosten\u00eda que pactar con la UEFA era poco menos que una claudicaci\u00f3n\u00bb.<\/p>\n<p>\u00abEl problema no es cambiar. Es negar que se ha cambiado. Cuando uno tiene liderazgo real, no necesita reescribir lo que dijo hace 90 d\u00edas. Una competici\u00f3n de uno contra s\u00ed mismo era imposible\u00bb, escribi\u00f3 en redes sociales, tras el anuncio del acuerdo de principios entre la UEFA, el Real Madrid y los Clubes Europeos (EFC) que acabar\u00e1 con los litigios por la Superliga.<\/p>\n<p>\u00abAhora empieza la fase habitual: construir el relato por los portaCOCES (sic), para que una rectificaci\u00f3n parezca una victoria estrat\u00e9gica\u00bb, a\u00f1adi\u00f3 Tebas, que acompa\u00f1\u00f3 su mensaje con un v\u00eddeo de una intervenci\u00f3n del presidente madridista ante la Asamblea de socios del Real Madrid.<\/p>\n","protected":false},"excerpt":{"rendered":"<p>Madrid.- UEFA, los Clubes Europeos (EFC) junto al Real Madrid han conseguido llegar a un acuerdo para tener un mejor f\u00fatbol, que sirvan para resolver disputas legales relacionadas con la Superliga, as\u00ed lo dio a conocer UEFA. \u00abTras meses de conversaciones llevadas a cabo en el mejor inter\u00e9s del f\u00fatbol europeo, la UEFA, los Clubes [&hellip;]<\/p>\n","protected":false},"author":2,"featured_media":47444,"comment_status":"open","ping_status":"closed","sticky":false,"template":"","format":"standard","meta":{"_jetpack_memberships_contains_paid_content":false,"footnotes":""},"categories":[7],"tags":[7777,100,435],"class_list":["post-47443","post","type-post","status-publish","format-standard","has-post-thumbnail","hentry","category-futbol-internacional","tag-clubes-europeos","tag-real-madrid","tag-uefa"],"jetpack_featured_media_url":"https:\/\/radiocresatelital.com\/wp-content\/uploads\/2026\/02\/florentino-perez-real-madrid-superliga-uefa.webp","jetpack_sharing_enabled":true,"_links":{"self":[{"href":"https:\/\/radiocresatelital.com\/index.php?rest_route=\/wp\/v2\/posts\/47443","targetHints":{"allow":["GET"]}}],"collection":[{"href":"https:\/\/radiocresatelital.com\/index.php?rest_route=\/wp\/v2\/posts"}],"about":[{"href":"https:\/\/radiocresatelital.com\/index.php?rest_route=\/wp\/v2\/types\/post"}],"author":[{"embeddable":true,"href":"https:\/\/radiocresatelital.com\/index.php?rest_route=\/wp\/v2\/users\/2"}],"replies":[{"embeddable":true,"href":"https:\/\/radiocresatelital.com\/index.php?rest_route=%2Fwp%2Fv2%2Fcomments&post=47443"}],"version-history":[{"count":1,"href":"https:\/\/radiocresatelital.com\/index.php?rest_route=\/wp\/v2\/posts\/47443\/revisions"}],"predecessor-version":[{"id":47445,"href":"https:\/\/radiocresatelital.com\/index.php?rest_route=\/wp\/v2\/posts\/47443\/revisions\/47445"}],"wp:featuredmedia":[{"embeddable":true,"href":"https:\/\/radiocresatelital.com\/index.php?rest_route=\/wp\/v2\/media\/47444"}],"wp:attachment":[{"href":"https:\/\/radiocresatelital.com\/index.php?rest_route=%2Fwp%2Fv2%2Fmedia&parent=47443"}],"wp:term":[{"taxonomy":"category","embeddable":true,"href":"https:\/\/radiocresatelital.com\/index.php?rest_route=%2Fwp%2Fv2%2Fcategories&post=47443"},{"taxonomy":"post_tag","embeddable":true,"href":"https:\/\/radiocresatelital.com\/index.php?rest_route=%2Fwp%2Fv2%2Ftags&post=47443"}],"curies":[{"name":"wp","href":"https:\/\/api.w.org\/{rel}","templated":true}]}}