{"id":47414,"date":"2026-02-11T21:23:16","date_gmt":"2026-02-11T21:23:16","guid":{"rendered":"https:\/\/radiocresatelital.com\/?p=47414"},"modified":"2026-02-11T21:43:38","modified_gmt":"2026-02-11T21:43:38","slug":"acciones-en-la-frontera-sur-y-campana-nacional-refuerzan-la-vacunacion-infantil-en-ecuador","status":"publish","type":"post","link":"https:\/\/radiocresatelital.com\/?p=47414","title":{"rendered":"Acciones en la frontera sur y campa\u00f1a nacional refuerzan la vacunaci\u00f3n infantil en Ecuador"},"content":{"rendered":"<p>Quito.- Con medidas preventivas en la frontera sur, capacitaci\u00f3n a personal sanitario en la Amazon\u00eda y una campa\u00f1a nacional para promover la confianza en las vacunas entre las familias, UNICEF apoya al Ministerio de Salud P\u00fablica (MSP) para incrementar la cobertura de la vacunaci\u00f3n en el pa\u00eds y reducir el riesgo de brotes de enfermedades prevenibles, como el sarampi\u00f3n.<\/p>\n<p>\u201cLa vacunaci\u00f3n es una de las intervenciones m\u00e1s eficaces para proteger la salud y la vida de ni\u00f1as y ni\u00f1os. En UNICEF seguimos apoyando con asistencia t\u00e9cnica al gobierno nacional para fortalecer los servicios de inmunizaci\u00f3n, y a las comunidades y familias para sensibilizar acerca de la importancia de la vacunaci\u00f3n, y asegurar que ning\u00fan ni\u00f1o o ni\u00f1a quede sin protecci\u00f3n frente a enfermedades prevenibles\u201d, afirma Arturo Romboli, Representante de UNICEF en Ecuador.<strong>\u00a0<\/strong><\/p>\n<p>Tras la confirmaci\u00f3n de un caso de sarampi\u00f3n en Per\u00fa, UNICEF brinda apoyo al MSP para prevenir contagios en la frontera sur del pa\u00eds. Entre las acciones se incluyen:<\/p>\n<ul>\n<li>Apoyo t\u00e9cnico al personal de salud en la planificaci\u00f3n, ejecuci\u00f3n y seguimiento de jornadas de vacunaci\u00f3n.<\/li>\n<li>Fortalecimiento de la vigilancia comunitaria para identificar oportunamente a ni\u00f1os y ni\u00f1as que no hayan completado su esquema de vacunaci\u00f3n.<\/li>\n<li>Difusi\u00f3n de informaci\u00f3n clara y confiable con madres, padres y cuidadores sobre la importancia de las vacunas.<\/li>\n<li>Acompa\u00f1amiento a los servicios de salud para desarrollar estrategias de vacunaci\u00f3n en territorios priorizados.<\/li>\n<\/ul>\n<p>Si bien Ecuador no registra casos confirmados, el sarampi\u00f3n es una enfermedad altamente contagiosa, por lo que la prevenci\u00f3n oportuna es clave para proteger a la infancia.<\/p>\n<p>UNICEF apoyo a la capacitaci\u00f3n a 160 profesionales de la salud del MSP en Sucumb\u00edos, Orellana, Napo y Pastaza para identificar zonas de alto riesgo de enfermedades y planificar acciones que aseguren la vacunaci\u00f3n infantil. Adem\u00e1s, la organizaci\u00f3n apoyar\u00e1 la vacunaci\u00f3n en 114 comunidades de estas provincias para alcanzar a ni\u00f1as y ni\u00f1os que a\u00fan no han sido vacunados.<\/p>\n<p>UNICEF tambi\u00e9n brind\u00f3 asistencia t\u00e9cnica al MSP en el desarrollo del Manual de Vacunas 2026, un documento basado en evidencia cient\u00edfica que orienta la implementaci\u00f3n de procedimientos eficaces de vacunaci\u00f3n y contribuye a la capacitaci\u00f3n continua del personal sanitario.<strong>\u00a0<\/strong><\/p>\n<p>Junto al MSP y la OPS\/OMS, UNICEF impulsa una campa\u00f1a de comunicaci\u00f3n para reforzar la confianza en la vacunaci\u00f3n y combatir mitos y desinformaci\u00f3n. La campa\u00f1a tambi\u00e9n busca desvirtuar mitos y contrarrestar la desinformaci\u00f3n acerca de la vacunaci\u00f3n, a trav\u00e9s de datos basados en evidencia cient\u00edfica, informaci\u00f3n clara, concisa y comprobada.<\/p>\n<p>La campa\u00f1a est\u00e1 protagonizada por el ic\u00f3nico tuc\u00e1n \u201cM\u00e1ximo\u201d de UNICEF, que explica la importancia y los beneficios de la vacunaci\u00f3n e incentiva a las familias a acudir al centro de salud para vacunar a sus hijos e hijas.<\/p>\n","protected":false},"excerpt":{"rendered":"<p>Quito.- Con medidas preventivas en la frontera sur, capacitaci\u00f3n a personal sanitario en la Amazon\u00eda y una campa\u00f1a nacional para promover la confianza en las vacunas entre las familias, UNICEF apoya al Ministerio de Salud P\u00fablica (MSP) para incrementar la cobertura de la vacunaci\u00f3n en el pa\u00eds y reducir el riesgo de brotes de enfermedades [&hellip;]<\/p>\n","protected":false},"author":2,"featured_media":47418,"comment_status":"open","ping_status":"closed","sticky":false,"template":"","format":"standard","meta":{"_jetpack_memberships_contains_paid_content":false,"footnotes":""},"categories":[13],"tags":[148,706],"class_list":["post-47414","post","type-post","status-publish","format-standard","has-post-thumbnail","hentry","category-noticias-nacionales","tag-ministerio-de-salud-publica","tag-unicef"],"jetpack_featured_media_url":"https:\/\/radiocresatelital.com\/wp-content\/uploads\/2026\/02\/Ecuador-vacunacion-frontera-sur.webp","jetpack_sharing_enabled":true,"_links":{"self":[{"href":"https:\/\/radiocresatelital.com\/index.php?rest_route=\/wp\/v2\/posts\/47414","targetHints":{"allow":["GET"]}}],"collection":[{"href":"https:\/\/radiocresatelital.com\/index.php?rest_route=\/wp\/v2\/posts"}],"about":[{"href":"https:\/\/radiocresatelital.com\/index.php?rest_route=\/wp\/v2\/types\/post"}],"author":[{"embeddable":true,"href":"https:\/\/radiocresatelital.com\/index.php?rest_route=\/wp\/v2\/users\/2"}],"replies":[{"embeddable":true,"href":"https:\/\/radiocresatelital.com\/index.php?rest_route=%2Fwp%2Fv2%2Fcomments&post=47414"}],"version-history":[{"count":3,"href":"https:\/\/radiocresatelital.com\/index.php?rest_route=\/wp\/v2\/posts\/47414\/revisions"}],"predecessor-version":[{"id":47433,"href":"https:\/\/radiocresatelital.com\/index.php?rest_route=\/wp\/v2\/posts\/47414\/revisions\/47433"}],"wp:featuredmedia":[{"embeddable":true,"href":"https:\/\/radiocresatelital.com\/index.php?rest_route=\/wp\/v2\/media\/47418"}],"wp:attachment":[{"href":"https:\/\/radiocresatelital.com\/index.php?rest_route=%2Fwp%2Fv2%2Fmedia&parent=47414"}],"wp:term":[{"taxonomy":"category","embeddable":true,"href":"https:\/\/radiocresatelital.com\/index.php?rest_route=%2Fwp%2Fv2%2Fcategories&post=47414"},{"taxonomy":"post_tag","embeddable":true,"href":"https:\/\/radiocresatelital.com\/index.php?rest_route=%2Fwp%2Fv2%2Ftags&post=47414"}],"curies":[{"name":"wp","href":"https:\/\/api.w.org\/{rel}","templated":true}]}}