{"id":47411,"date":"2026-02-11T21:13:37","date_gmt":"2026-02-11T21:13:37","guid":{"rendered":"https:\/\/radiocresatelital.com\/?p=47411"},"modified":"2026-02-11T21:13:45","modified_gmt":"2026-02-11T21:13:45","slug":"concejo-municipal-impulsa-avances-en-ordenamiento-urbano-seguridad-y-accion-social","status":"publish","type":"post","link":"https:\/\/radiocresatelital.com\/?p=47411","title":{"rendered":"Concejo Municipal impulsa avances en ordenamiento urbano, seguridad y acci\u00f3n social"},"content":{"rendered":"<p>Guayaquil.- Actualizaci\u00f3n normativa para el crecimiento ordenado de la ciudad, fortalecimiento institucional en seguridad y respaldo a programas sociales fueron los ejes de la sesi\u00f3n del Concejo Municipal de Guayaquil, presidida por la alcaldesa subrogante Tatiana Coronel.<\/p>\n<p>Durante la jornada se aprobaron, en primer debate, dos proyectos de ordenanza y se autoriz\u00f3 la suscripci\u00f3n de un convenio de cooperaci\u00f3n.<\/p>\n<p>Uno de los puntos centrales fue el primer debate del proyecto de Ordenanza que regula la autorizaci\u00f3n municipal para fraccionamiento, fusi\u00f3n, validaci\u00f3n y urbanizaci\u00f3n de predios, mocionado por la concejala Soledad Diab. \u201cEsta Administraci\u00f3n ha identificado la necesidad de actualizar la ordenanza sustitutiva de parcelaciones y desarrollos urban\u00edsticos en respuesta al considerable incremento de solicitudes para la ejecuci\u00f3n de proyectos inmobiliarios en el cant\u00f3n, cuyas autorizaciones han contribuido de manera indiscutible a la reactivaci\u00f3n econ\u00f3mica y a la generaci\u00f3n de nuevos polos de desarrollo\u201d, explic\u00f3.<\/p>\n<p>La edil subray\u00f3 que la inversi\u00f3n privada cumple un rol clave en la proyecci\u00f3n de la ciudad. \u201cSe considera imprescindible la creaci\u00f3n de una nueva ordenanza que responda a las actuales din\u00e1micas, demandas y desaf\u00edos del crecimiento urbano\u201d, a\u00f1adi\u00f3, antes de poner el punto en consideraci\u00f3n del pleno.<\/p>\n<p>En materia de seguridad, el Concejo aprob\u00f3 tambi\u00e9n en primer debate la ordenanza reformatoria a la de creaci\u00f3n de la Empresa P\u00fablica Municipal para la Gesti\u00f3n de Riesgos y Control de Seguridad de Guayaquil Segura EP. La concejala Shirley Ald\u00e1s detall\u00f3 que la reforma permitir\u00e1 \u201campliar las atribuciones para que Segura pueda comercializar productos y servicios relacionados con temas de videovigilancia y adem\u00e1s actividades de su objetivo\u201d.<\/p>\n<p>Por su parte, la concejala Juana Montero indic\u00f3 que la propuesta fortalece el objeto, las atribuciones y la estructura de la empresa p\u00fablica, lo que potenciar\u00e1 su capacidad operativa, sostenibilidad y articulaci\u00f3n dentro del Sistema Nacional de Seguridad.<\/p>\n<p>La sesi\u00f3n concluy\u00f3 con la aprobaci\u00f3n del informe jur\u00eddico que autoriza la suscripci\u00f3n del convenio de cooperaci\u00f3n y transferencia no reembolsable con Camila Alicia Andrade Men\u00e9ndez, orientado a la ejecuci\u00f3n de un programa de empoderamiento femenino.<\/p>\n<p>La concejala Nelly Pullas se\u00f1al\u00f3 que la iniciativa financiar\u00e1 un programa que integra capacitaci\u00f3n en defensa personal, fortalecimiento emocional y promoci\u00f3n del emprendimiento. Destac\u00f3 adem\u00e1s que, tras su fase piloto, la propuesta ha tenido alta demanda ciudadana. El proyecto se ejecutar\u00e1 durante 10 meses, del 17 de febrero al 30 de noviembre de 2026, distribuidos en tres ciclos.<\/p>\n","protected":false},"excerpt":{"rendered":"<p>Guayaquil.- Actualizaci\u00f3n normativa para el crecimiento ordenado de la ciudad, fortalecimiento institucional en seguridad y respaldo a programas sociales fueron los ejes de la sesi\u00f3n del Concejo Municipal de Guayaquil, presidida por la alcaldesa subrogante Tatiana Coronel. Durante la jornada se aprobaron, en primer debate, dos proyectos de ordenanza y se autoriz\u00f3 la suscripci\u00f3n de [&hellip;]<\/p>\n","protected":false},"author":2,"featured_media":47412,"comment_status":"open","ping_status":"closed","sticky":false,"template":"","format":"standard","meta":{"_jetpack_memberships_contains_paid_content":false,"footnotes":""},"categories":[33,13],"tags":[7769,2093],"class_list":["post-47411","post","type-post","status-publish","format-standard","has-post-thumbnail","hentry","category-guayaquil","category-noticias-nacionales","tag-alcaldesa-subrogante-tatiana-coronel","tag-concejo-municipal-de-guayaquil"],"jetpack_featured_media_url":"https:\/\/radiocresatelital.com\/wp-content\/uploads\/2026\/02\/02-scaled.jpeg","jetpack_sharing_enabled":true,"_links":{"self":[{"href":"https:\/\/radiocresatelital.com\/index.php?rest_route=\/wp\/v2\/posts\/47411","targetHints":{"allow":["GET"]}}],"collection":[{"href":"https:\/\/radiocresatelital.com\/index.php?rest_route=\/wp\/v2\/posts"}],"about":[{"href":"https:\/\/radiocresatelital.com\/index.php?rest_route=\/wp\/v2\/types\/post"}],"author":[{"embeddable":true,"href":"https:\/\/radiocresatelital.com\/index.php?rest_route=\/wp\/v2\/users\/2"}],"replies":[{"embeddable":true,"href":"https:\/\/radiocresatelital.com\/index.php?rest_route=%2Fwp%2Fv2%2Fcomments&post=47411"}],"version-history":[{"count":1,"href":"https:\/\/radiocresatelital.com\/index.php?rest_route=\/wp\/v2\/posts\/47411\/revisions"}],"predecessor-version":[{"id":47413,"href":"https:\/\/radiocresatelital.com\/index.php?rest_route=\/wp\/v2\/posts\/47411\/revisions\/47413"}],"wp:featuredmedia":[{"embeddable":true,"href":"https:\/\/radiocresatelital.com\/index.php?rest_route=\/wp\/v2\/media\/47412"}],"wp:attachment":[{"href":"https:\/\/radiocresatelital.com\/index.php?rest_route=%2Fwp%2Fv2%2Fmedia&parent=47411"}],"wp:term":[{"taxonomy":"category","embeddable":true,"href":"https:\/\/radiocresatelital.com\/index.php?rest_route=%2Fwp%2Fv2%2Fcategories&post=47411"},{"taxonomy":"post_tag","embeddable":true,"href":"https:\/\/radiocresatelital.com\/index.php?rest_route=%2Fwp%2Fv2%2Ftags&post=47411"}],"curies":[{"name":"wp","href":"https:\/\/api.w.org\/{rel}","templated":true}]}}