{"id":47408,"date":"2026-02-11T21:10:01","date_gmt":"2026-02-11T21:10:01","guid":{"rendered":"https:\/\/radiocresatelital.com\/?p=47408"},"modified":"2026-02-11T21:10:01","modified_gmt":"2026-02-11T21:10:01","slug":"gobierno-del-presidente-daniel-noboa-destina-mas-de-usd-130-millones-para-impulsar-la-vialidad-en-azuay-en-el-ano-de-la-construccion","status":"publish","type":"post","link":"https:\/\/radiocresatelital.com\/?p=47408","title":{"rendered":"Gobierno del presidente Daniel Noboa destina m\u00e1s de USD 130 millones para impulsar la vialidad en Azuay, en el a\u00f1o de la construcci\u00f3n"},"content":{"rendered":"<p>Cuenca.- Roberto Luque, Ministro de Infraestructura y Transporte (MIT), anunci\u00f3 en rueda de prensa que el Gobierno Nacional realiza una inversi\u00f3n superior a los 130 millones de d\u00f3lares en proyectos viales para la provincia de Azuay, en el marco del 2026, declarado por el presidente Daniel Noboa como el a\u00f1o de la construcci\u00f3n.<\/p>\n<p>El anuncio lo realiz\u00f3 tras recorrer la construcci\u00f3n del Distribuidor de Tr\u00e1fico Monay \u2013 IESS, una obra con una inversi\u00f3n superior a los USD 43 millones, que el Ministerio ejecuta en un punto estrat\u00e9gico de la autopista Cuenca \u2013 Azogues. Destac\u00f3 que el proyecto registra un avance superior al previsto en el cronograma: \u201cEstamos en el 17 %, cuando la planificaci\u00f3n inicial contemplaba entre el 10 % y el 12 %\u201d, se\u00f1al\u00f3. De mantenerse este ritmo, el paso elevado en el sentido Azogues \u2013 Cuenca entrar\u00e1 en funcionamiento este a\u00f1o, e inmediatamente se iniciar\u00e1 la construcci\u00f3n de la estructura en el carril opuesto.<\/p>\n<p>Tambi\u00e9n se\u00f1al\u00f3 que los distribuidores 12 de Octubre y Gapal cuentan con la fiscalizaci\u00f3n, mientras que se prev\u00e9 publicar los procesos de licitaci\u00f3n para los contratos de ejecuci\u00f3n de obras entre junio y julio de este a\u00f1o.<\/p>\n<p>El secretario de Estado se\u00f1al\u00f3 que, en cuanto a la v\u00eda Cuenca \u2013 Molleturo \u2013 El Empalme, el contrato fue adjudicado el pasado 4 de febrero y dentro de las pr\u00f3ximas semanas, luego de la presentaci\u00f3n de garant\u00edas por parte del contratista, se podr\u00e1 suscribir el documento contractual para dar inicio a las obras. La inversi\u00f3n supera los 21 millones de d\u00f3lares y cuenta con el respaldo financiero del Banco Mundial.<\/p>\n<p>Del mismo modo, para la v\u00eda Cuenca \u2013 Gir\u00f3n \u2013 Pasaje, el MIT cuenta con el respaldo de este multilateral para ejecutar los estudios de 41 puntos cr\u00edticos, que est\u00e1n en marcha, y para la construcci\u00f3n de obras. Aclar\u00f3 que el monto a invertir se conocer\u00e1 una vez que la consultor\u00eda culmine y presente sus informes. Un plus que tiene este proyecto es que la empresa consultora tambi\u00e9n revisar\u00e1 el proyecto del Acceso Sur para contar con una propuesta viable en lo t\u00e9cnico y econ\u00f3mico.<\/p>\n<p>Finalmente, el ministro visit\u00f3 el conjunto habitacional Praderas de Bemani, donde se construyen 177 departamentos del segmento de inter\u00e9s social. Las viviendas aplican al cr\u00e9dito Miti-Miti, a trav\u00e9s de la banca p\u00fablica y privada, y Credicasa, por medio del Banco del Instituto Ecuatoriano de Seguridad Social \u2013 BIESS.<\/p>\n<p>En este 2026, en el a\u00f1o de la construcci\u00f3n, el Ministerio de Infraestructura y Transporte consolida una agenda estrat\u00e9gica que prioriza obras viales y habitacionales en todo el pa\u00eds, dinamizando la econom\u00eda, generando empleo y fortaleciendo la conectividad territorial para impulsar el desarrollo del Azuay y del Ecuador.<\/p>\n","protected":false},"excerpt":{"rendered":"<p>Cuenca.- Roberto Luque, Ministro de Infraestructura y Transporte (MIT), anunci\u00f3 en rueda de prensa que el Gobierno Nacional realiza una inversi\u00f3n superior a los 130 millones de d\u00f3lares en proyectos viales para la provincia de Azuay, en el marco del 2026, declarado por el presidente Daniel Noboa como el a\u00f1o de la construcci\u00f3n. El anuncio [&hellip;]<\/p>\n","protected":false},"author":2,"featured_media":47409,"comment_status":"open","ping_status":"closed","sticky":false,"template":"","format":"standard","meta":{"_jetpack_memberships_contains_paid_content":false,"footnotes":""},"categories":[13],"tags":[5915,1394],"class_list":["post-47408","post","type-post","status-publish","format-standard","has-post-thumbnail","hentry","category-noticias-nacionales","tag-ministro-de-infraestructura-y-transporte","tag-roberto-luque"],"jetpack_featured_media_url":"https:\/\/radiocresatelital.com\/wp-content\/uploads\/2026\/02\/WhatsApp-Image-2026-02-11-at-2.00.39-PM-1536x850-1.jpeg","jetpack_sharing_enabled":true,"_links":{"self":[{"href":"https:\/\/radiocresatelital.com\/index.php?rest_route=\/wp\/v2\/posts\/47408","targetHints":{"allow":["GET"]}}],"collection":[{"href":"https:\/\/radiocresatelital.com\/index.php?rest_route=\/wp\/v2\/posts"}],"about":[{"href":"https:\/\/radiocresatelital.com\/index.php?rest_route=\/wp\/v2\/types\/post"}],"author":[{"embeddable":true,"href":"https:\/\/radiocresatelital.com\/index.php?rest_route=\/wp\/v2\/users\/2"}],"replies":[{"embeddable":true,"href":"https:\/\/radiocresatelital.com\/index.php?rest_route=%2Fwp%2Fv2%2Fcomments&post=47408"}],"version-history":[{"count":1,"href":"https:\/\/radiocresatelital.com\/index.php?rest_route=\/wp\/v2\/posts\/47408\/revisions"}],"predecessor-version":[{"id":47410,"href":"https:\/\/radiocresatelital.com\/index.php?rest_route=\/wp\/v2\/posts\/47408\/revisions\/47410"}],"wp:featuredmedia":[{"embeddable":true,"href":"https:\/\/radiocresatelital.com\/index.php?rest_route=\/wp\/v2\/media\/47409"}],"wp:attachment":[{"href":"https:\/\/radiocresatelital.com\/index.php?rest_route=%2Fwp%2Fv2%2Fmedia&parent=47408"}],"wp:term":[{"taxonomy":"category","embeddable":true,"href":"https:\/\/radiocresatelital.com\/index.php?rest_route=%2Fwp%2Fv2%2Fcategories&post=47408"},{"taxonomy":"post_tag","embeddable":true,"href":"https:\/\/radiocresatelital.com\/index.php?rest_route=%2Fwp%2Fv2%2Ftags&post=47408"}],"curies":[{"name":"wp","href":"https:\/\/api.w.org\/{rel}","templated":true}]}}