{"id":47347,"date":"2026-02-10T23:50:19","date_gmt":"2026-02-10T23:50:19","guid":{"rendered":"https:\/\/radiocresatelital.com\/?p=47347"},"modified":"2026-02-10T23:50:19","modified_gmt":"2026-02-10T23:50:19","slug":"mit-y-asamblea-nacional-consolidan-espacios-de-gestion-publica-en-chimborazo-2","status":"publish","type":"post","link":"https:\/\/radiocresatelital.com\/?p=47347","title":{"rendered":"MIT y Asamblea Nacional consolidan espacios de gesti\u00f3n p\u00fablica en Chimborazo"},"content":{"rendered":"<p>Riobamba.- El Ministerio de Infraestructura y Transporte (MIT) y la Asamblea Nacional de la Rep\u00fablica del Ecuador suscribieron un Convenio de Cooperaci\u00f3n Interinstitucional para el funcionamiento de la nueva Casa Legislativa de la provincia de Chimborazo, en un acto protocolario realizado en el Museo del Tren, en la ciudad de Riobamba.<\/p>\n<p>Durante la jornada se formaliz\u00f3 la suscripci\u00f3n del Convenio Interinstitucional, mediante el cual el MIT facilita el uso de espacios dentro de la estaci\u00f3n del tren de Riobamba para el funcionamiento de la Casa Legislativa de Chimborazo, en el marco de sus competencias constitucionales y legales. El acuerdo contempla un \u00e1rea aproximada de 238 m\u00b2, que incluye oficinas administrativas, espacios de atenci\u00f3n ciudadana y \u00e1reas complementarias, as\u00ed como zonas de estacionamiento.<\/p>\n<p>En su intervenci\u00f3n, Geovanny Moreano, subsecretario de Transporte Terrestre y Ferroviario, indic\u00f3 \u201ccomo MIT estamos muy contentos que la estaci\u00f3n del tren de Riobamba sea el escenario de esta importante cooperaci\u00f3n interinstitucional que refleja el compromiso del Gobierno Nacional de estar presentes en territorio escuchando a la gente\u201d.<\/p>\n<p>El evento cont\u00f3 con la participaci\u00f3n de autoridades nacionales y provinciales, entre ellas la primera vicepresidenta de la Asamblea Nacional, Mishel Mancheno, la gobernadora de Chimborazo, Mar\u00eda Jos\u00e9 del Pozo; el subsecretario de Transporte Terrestre y Ferroviario, Geovanny Moreano; el coordinador general de Participaci\u00f3n Ciudadana de la Asamblea Nacional, Christian Moscoso y la subsecretaria Zonal 3 del MIT, Gladys Velasco.<\/p>\n<p>Las Casas Legislativas constituyen espacios de encuentro, di\u00e1logo y participaci\u00f3n ciudadana que permiten articular acciones en territorio y fortalecer los v\u00ednculos.<\/p>\n<p>La primera vicepresidenta de la Asamblea Nacional, Mishel Mancheno, mencion\u00f3 que \u201ceste espacio permitir\u00e1 recibir propuestas ciudadanas, talleres de formaci\u00f3n c\u00edvica y mesas t\u00e9cnicas de trabajo para que la ciudadan\u00eda tenga un canal directo de comunicaci\u00f3n con sus representantes\u201d. Adem\u00e1s, expres\u00f3 su agradecimiento al trabajo en conjunto con el MIT que hizo posible la firma de este convenio.<\/p>\n","protected":false},"excerpt":{"rendered":"<p>Riobamba.- El Ministerio de Infraestructura y Transporte (MIT) y la Asamblea Nacional de la Rep\u00fablica del Ecuador suscribieron un Convenio de Cooperaci\u00f3n Interinstitucional para el funcionamiento de la nueva Casa Legislativa de la provincia de Chimborazo, en un acto protocolario realizado en el Museo del Tren, en la ciudad de Riobamba. Durante la jornada se [&hellip;]<\/p>\n","protected":false},"author":2,"featured_media":47348,"comment_status":"open","ping_status":"closed","sticky":false,"template":"","format":"standard","meta":{"_jetpack_memberships_contains_paid_content":false,"footnotes":""},"categories":[13],"tags":[472,7758,5980],"class_list":["post-47347","post","type-post","status-publish","format-standard","has-post-thumbnail","hentry","category-noticias-nacionales","tag-asamblea-nacional","tag-convenio-de-cooperacion-interinstitucional-para-el-funcionamiento-de-la-nueva-casa-legislativa","tag-ministerio-de-infraestructura-y-transporte"],"jetpack_featured_media_url":"https:\/\/radiocresatelital.com\/wp-content\/uploads\/2026\/02\/WhatsApp-Image-2026-02-10-at-18.48.19.jpeg","jetpack_sharing_enabled":true,"_links":{"self":[{"href":"https:\/\/radiocresatelital.com\/index.php?rest_route=\/wp\/v2\/posts\/47347","targetHints":{"allow":["GET"]}}],"collection":[{"href":"https:\/\/radiocresatelital.com\/index.php?rest_route=\/wp\/v2\/posts"}],"about":[{"href":"https:\/\/radiocresatelital.com\/index.php?rest_route=\/wp\/v2\/types\/post"}],"author":[{"embeddable":true,"href":"https:\/\/radiocresatelital.com\/index.php?rest_route=\/wp\/v2\/users\/2"}],"replies":[{"embeddable":true,"href":"https:\/\/radiocresatelital.com\/index.php?rest_route=%2Fwp%2Fv2%2Fcomments&post=47347"}],"version-history":[{"count":1,"href":"https:\/\/radiocresatelital.com\/index.php?rest_route=\/wp\/v2\/posts\/47347\/revisions"}],"predecessor-version":[{"id":47349,"href":"https:\/\/radiocresatelital.com\/index.php?rest_route=\/wp\/v2\/posts\/47347\/revisions\/47349"}],"wp:featuredmedia":[{"embeddable":true,"href":"https:\/\/radiocresatelital.com\/index.php?rest_route=\/wp\/v2\/media\/47348"}],"wp:attachment":[{"href":"https:\/\/radiocresatelital.com\/index.php?rest_route=%2Fwp%2Fv2%2Fmedia&parent=47347"}],"wp:term":[{"taxonomy":"category","embeddable":true,"href":"https:\/\/radiocresatelital.com\/index.php?rest_route=%2Fwp%2Fv2%2Fcategories&post=47347"},{"taxonomy":"post_tag","embeddable":true,"href":"https:\/\/radiocresatelital.com\/index.php?rest_route=%2Fwp%2Fv2%2Ftags&post=47347"}],"curies":[{"name":"wp","href":"https:\/\/api.w.org\/{rel}","templated":true}]}}