{"id":47344,"date":"2026-02-10T22:59:35","date_gmt":"2026-02-10T22:59:35","guid":{"rendered":"https:\/\/radiocresatelital.com\/?p=47344"},"modified":"2026-02-10T22:59:35","modified_gmt":"2026-02-10T22:59:35","slug":"tras-disposicion-emitida-por-el-gobierno-de-daniel-noboa-se-han-suspendido-actividades-en-89-concesiones-mineras-y-54-plantas-de-beneficio-en-napo-loja-y-el-oro","status":"publish","type":"post","link":"https:\/\/radiocresatelital.com\/?p=47344","title":{"rendered":"Tras disposici\u00f3n emitida por el Gobierno de Daniel Noboa, se han suspendido actividades en 89 concesiones mineras y 54 plantas de beneficio en Napo, Loja y El Oro"},"content":{"rendered":"<div class=\"row\">\n<section id=\"postcontent\" class=\"col-md-9 col-sm-6 line-right\">\n<p class=\"has-medium-font-size\">Quito.- Luego de la emisi\u00f3n de la Resoluci\u00f3n Nro. MAE-MAE-2026-0005-RM, dispuesta por el Presidente de la Rep\u00fablica, Daniel Noboa, el Gobierno Nacional, a trav\u00e9s del Ministerio del Ambiente y Energ\u00eda, con el apoyo t\u00e9cnico de la Agencia de Regulaci\u00f3n y Control Minero (ARCOM) y el respaldo de las Fuerzas Armadas, realiz\u00f3 la suspensi\u00f3n de actividades en 89 concesiones mineras y 54 plantas de beneficio pertenecientes a las provincias de Napo, Loja y El Oro, como parte de una acci\u00f3n contundente que busca la protecci\u00f3n de las fuentes h\u00eddricas y la conservaci\u00f3n ambiental.<\/p>\n<p class=\"has-medium-font-size\">La Ministra de Ambiente y Energ\u00eda, In\u00e9s Manzano, enfatiz\u00f3 el compromiso que mantiene el gobierno frente a esta problem\u00e1tica de Estado. \u201cNuestro trabajo es velar por una administraci\u00f3n responsable de los recursos.<\/p>\n<p class=\"has-medium-font-size\">Los operativos han arrojado resultados positivos, en esta primera semana se han decomisado 409 toneladas de material mineralizado, lo cual golpea directamente a los grupos delincuenciales.<\/p>\n<p class=\"has-medium-font-size\">Nuestro objetivo es la protecci\u00f3n de las fuentes de agua, la conservaci\u00f3n ambiental y el cuidado de la vida en las comunidades\u201d, destac\u00f3 la autoridad.<\/p>\n<p class=\"has-medium-font-size\">Los resultados de los operativos, tras una semana de vigencia de la resoluci\u00f3n, presentan las siguientes cifras:<\/p>\n<ul class=\"wp-block-list\">\n<li class=\"has-medium-font-size\">Loja (46% de avance):\u00a046 concesiones mineras fueron suspendidas, de un total de 100.<\/li>\n<li class=\"has-medium-font-size\">Napo (84% de avance):\u00a0De un universo de 51 concesiones, se ha suspendido la actividad en 43 de ellas.<\/li>\n<li class=\"has-medium-font-size\">El Oro (51% de avance): 54 plantas de beneficio se suspendieron, de un total de 105.<\/li>\n<\/ul>\n<p class=\"has-medium-font-size\">La ARCOM en conjunto con las Fuerzas Armadas, continuar\u00e1n con el desarrollo de operativos, de manera paulatina y progresiva hasta completar el\u00a0100% en cada provincia.<\/p>\n<p class=\"has-medium-font-size\">Adem\u00e1s, los titulares de concesiones y plantas de beneficio deben presentar de manera obligatoria los planes de acci\u00f3n y manejo ambiental, que ser\u00e1n validados por el Viceministerio de Ambiente y Marino Costero, previo a reanudar su operatividad.<\/p>\n<p class=\"has-medium-font-size\">El Gobierno Nacional establece una pol\u00edtica firme que involucra un accionar interinstitucional, con el objetivo de frenar las actividades mineras il\u00edcitas, proteger la integridad de los habitantes de las comunidades amaz\u00f3nicas y del sur del pa\u00eds; y priorizar las acciones para el cuidado de los r\u00edos y el ambiente.<\/p>\n<\/section>\n<\/div>\n","protected":false},"excerpt":{"rendered":"<p>Quito.- Luego de la emisi\u00f3n de la Resoluci\u00f3n Nro. MAE-MAE-2026-0005-RM, dispuesta por el Presidente de la Rep\u00fablica, Daniel Noboa, el Gobierno Nacional, a trav\u00e9s del Ministerio del Ambiente y Energ\u00eda, con el apoyo t\u00e9cnico de la Agencia de Regulaci\u00f3n y Control Minero (ARCOM) y el respaldo de las Fuerzas Armadas, realiz\u00f3 la suspensi\u00f3n de actividades [&hellip;]<\/p>\n","protected":false},"author":2,"featured_media":47345,"comment_status":"open","ping_status":"closed","sticky":false,"template":"","format":"standard","meta":{"_jetpack_memberships_contains_paid_content":false,"footnotes":""},"categories":[13],"tags":[7757,7756],"class_list":["post-47344","post","type-post","status-publish","format-standard","has-post-thumbnail","hentry","category-noticias-nacionales","tag-ines-manzano","tag-ministra-de-ambiente-y-energia"],"jetpack_featured_media_url":"https:\/\/radiocresatelital.com\/wp-content\/uploads\/2026\/02\/WhatsApp-Image-2026-02-06-at-11.07.31-AM-3-edited.jpeg","jetpack_sharing_enabled":true,"_links":{"self":[{"href":"https:\/\/radiocresatelital.com\/index.php?rest_route=\/wp\/v2\/posts\/47344","targetHints":{"allow":["GET"]}}],"collection":[{"href":"https:\/\/radiocresatelital.com\/index.php?rest_route=\/wp\/v2\/posts"}],"about":[{"href":"https:\/\/radiocresatelital.com\/index.php?rest_route=\/wp\/v2\/types\/post"}],"author":[{"embeddable":true,"href":"https:\/\/radiocresatelital.com\/index.php?rest_route=\/wp\/v2\/users\/2"}],"replies":[{"embeddable":true,"href":"https:\/\/radiocresatelital.com\/index.php?rest_route=%2Fwp%2Fv2%2Fcomments&post=47344"}],"version-history":[{"count":1,"href":"https:\/\/radiocresatelital.com\/index.php?rest_route=\/wp\/v2\/posts\/47344\/revisions"}],"predecessor-version":[{"id":47346,"href":"https:\/\/radiocresatelital.com\/index.php?rest_route=\/wp\/v2\/posts\/47344\/revisions\/47346"}],"wp:featuredmedia":[{"embeddable":true,"href":"https:\/\/radiocresatelital.com\/index.php?rest_route=\/wp\/v2\/media\/47345"}],"wp:attachment":[{"href":"https:\/\/radiocresatelital.com\/index.php?rest_route=%2Fwp%2Fv2%2Fmedia&parent=47344"}],"wp:term":[{"taxonomy":"category","embeddable":true,"href":"https:\/\/radiocresatelital.com\/index.php?rest_route=%2Fwp%2Fv2%2Fcategories&post=47344"},{"taxonomy":"post_tag","embeddable":true,"href":"https:\/\/radiocresatelital.com\/index.php?rest_route=%2Fwp%2Fv2%2Ftags&post=47344"}],"curies":[{"name":"wp","href":"https:\/\/api.w.org\/{rel}","templated":true}]}}