{"id":47150,"date":"2026-02-07T03:43:35","date_gmt":"2026-02-07T03:43:35","guid":{"rendered":"https:\/\/radiocresatelital.com\/?p=47150"},"modified":"2026-02-07T03:43:35","modified_gmt":"2026-02-07T03:43:35","slug":"listas-las-tres-primeras-fechas-de-liga-ecuabet-2026","status":"publish","type":"post","link":"https:\/\/radiocresatelital.com\/?p=47150","title":{"rendered":"Listas las tres primeras fechas de Liga Ecuabet 2026"},"content":{"rendered":"<p>Guayaquil.- La Comisi\u00f3n de Competiciones de Liga Pro Ecuabet ha dado a conocer las tres primeras fechas del Torneo Nacional que iniciar\u00e1 el viernes 20 de Febrero a las 19h00 locales (00h00 GMT) en el Estadio \u00ab9 de Mayo\u00bb de Machala donde jugar\u00e1n Orense ante Liga de Quito.<\/p>\n<p>La fecha continuar\u00e1 el S\u00e1bado 21 de Febrero desde las 14h00 locales (19h00 GMT) a jugarse en el \u00abGonzalo Pozo Ripalda\u00bb con el compromiso entre Aucas revalizar\u00e1 ante Mushuc Runa, mientras a las 16h30 locales (21h30 GMT) jugar\u00e1n Barcelona ante T\u00e9cnico Universitario en el \u00abBanco Pichincha\u00bb y la jornada sabatina finalizar\u00e1 a las 19h00 locales (00h00 GMT) cuando en el \u00abOl\u00edmpico Atahualpa\u00bb estar\u00e1n frente a frente Universidad Cat\u00f3lica con Emelec.<\/p>\n<p>Mientras que la jornada domincal se iniciar\u00e1 a las 13h00 locales (18h00 GMT) en el \u00abBellavista\u00bb de Ambato debutar\u00e1 Macar\u00e1 con el reci\u00e9n ascendido Leones, luego a las 15h30 locales (20h30 GMT) estar\u00e1n jugando Delf\u00edn ante Deportivo Cuenca en el \u00abJocay\u00bb de Manta y el domingo se cierra a las 18h00 locales (23h00 GMT) jugar\u00e1n Independiente del Valle con el otro equipo ascendido Guayaquil City.<\/p>\n<p>Esta primera fecha se cierra en el \u00abReyna del Cisne\u00bb de Loja donde a las 19h30 locales (00h30 GMT) estar\u00e1n jugando Libertad con Manta.<\/p>\n<p>La segunda fecha se jugar\u00e1 de la siguiente manera:<\/p>\n<p><img decoding=\"async\" src=\"https:\/\/pbs.twimg.com\/media\/HAhMmNLXQAAMkCj?format=jpg&amp;name=large\" alt=\"Imagen\" \/><\/p>\n<p>Y la tercera fecha que tendr\u00e1 el Cl\u00e1sico del Astillero que se disputar\u00e1 en el \u00abBanco Pichincha\u00bb desde las las 17h00 locales (22h00 GMT) el domingo 8 de Marzo, Barcelona con Emelec.<\/p>\n<p><img decoding=\"async\" src=\"https:\/\/pbs.twimg.com\/media\/HAhMmNQWIAEf6YF?format=jpg&amp;name=large\" alt=\"Imagen\" \/><\/p>\n","protected":false},"excerpt":{"rendered":"<p>Guayaquil.- La Comisi\u00f3n de Competiciones de Liga Pro Ecuabet ha dado a conocer las tres primeras fechas del Torneo Nacional que iniciar\u00e1 el viernes 20 de Febrero a las 19h00 locales (00h00 GMT) en el Estadio \u00ab9 de Mayo\u00bb de Machala donde jugar\u00e1n Orense ante Liga de Quito. La fecha continuar\u00e1 el S\u00e1bado 21 de [&hellip;]<\/p>\n","protected":false},"author":2,"featured_media":47151,"comment_status":"open","ping_status":"closed","sticky":false,"template":"","format":"standard","meta":{"_jetpack_memberships_contains_paid_content":false,"footnotes":""},"categories":[626,73],"tags":[4838],"class_list":["post-47150","post","type-post","status-publish","format-standard","has-post-thumbnail","hentry","category-futbol-nacional","category-liga-pro","tag-liga-ecuabet"],"jetpack_featured_media_url":"https:\/\/radiocresatelital.com\/wp-content\/uploads\/2026\/02\/M-bbsxp0Q_1290x650__1.jpg","jetpack_sharing_enabled":true,"_links":{"self":[{"href":"https:\/\/radiocresatelital.com\/index.php?rest_route=\/wp\/v2\/posts\/47150","targetHints":{"allow":["GET"]}}],"collection":[{"href":"https:\/\/radiocresatelital.com\/index.php?rest_route=\/wp\/v2\/posts"}],"about":[{"href":"https:\/\/radiocresatelital.com\/index.php?rest_route=\/wp\/v2\/types\/post"}],"author":[{"embeddable":true,"href":"https:\/\/radiocresatelital.com\/index.php?rest_route=\/wp\/v2\/users\/2"}],"replies":[{"embeddable":true,"href":"https:\/\/radiocresatelital.com\/index.php?rest_route=%2Fwp%2Fv2%2Fcomments&post=47150"}],"version-history":[{"count":1,"href":"https:\/\/radiocresatelital.com\/index.php?rest_route=\/wp\/v2\/posts\/47150\/revisions"}],"predecessor-version":[{"id":47152,"href":"https:\/\/radiocresatelital.com\/index.php?rest_route=\/wp\/v2\/posts\/47150\/revisions\/47152"}],"wp:featuredmedia":[{"embeddable":true,"href":"https:\/\/radiocresatelital.com\/index.php?rest_route=\/wp\/v2\/media\/47151"}],"wp:attachment":[{"href":"https:\/\/radiocresatelital.com\/index.php?rest_route=%2Fwp%2Fv2%2Fmedia&parent=47150"}],"wp:term":[{"taxonomy":"category","embeddable":true,"href":"https:\/\/radiocresatelital.com\/index.php?rest_route=%2Fwp%2Fv2%2Fcategories&post=47150"},{"taxonomy":"post_tag","embeddable":true,"href":"https:\/\/radiocresatelital.com\/index.php?rest_route=%2Fwp%2Fv2%2Ftags&post=47150"}],"curies":[{"name":"wp","href":"https:\/\/api.w.org\/{rel}","templated":true}]}}