{"id":47142,"date":"2026-02-06T22:20:26","date_gmt":"2026-02-06T22:20:26","guid":{"rendered":"https:\/\/radiocresatelital.com\/?p=47142"},"modified":"2026-02-06T23:23:42","modified_gmt":"2026-02-06T23:23:42","slug":"guillen-y-thompson-abren-la-serie-ecuador-vs-australia-en-copa-davis","status":"publish","type":"post","link":"https:\/\/radiocresatelital.com\/?p=47142","title":{"rendered":"Guill\u00e9n y Thompson abren la serie Ecuador vs Australia en Copa Davis"},"content":{"rendered":"<p>Quito.- Por tercera ocasi\u00f3n \u00c1lvaro Guill\u00e9n (#201) abrir\u00e1 una serie de Copa Davis, y esta vez lo har\u00e1 este s\u00e1bado 7 de febrero (11h00) ante el australiano Jordan Thompson (#110), por la primera ronda de los Qualifiers, que se jugar\u00e1 este s\u00e1bado 7 y domingo 8 de febrero en el Quito Tenis y Golf Club.<\/p>\n<p>La novedad en el sorteo fue la presencia de Thompson como raqueta 2 de Australia, ya que de acuerdo al ranking Aleksandar Vukic (#91) era el segundo en la lista australiana.<\/p>\n<p>\u201cNunca me puse a pensar qu\u00e9 jugador me enfrentar\u00eda\u2026 no ten\u00eda en mente quien iba. Yo creo que ser\u00e1 un partido muy duro, pero muy lindo donde lo voy a disfrutar y ojal\u00e1 poder dar ese primer punto\u201d, manifest\u00f3 \u00c1lvaro Guill\u00e9n, Guill\u00e9n, que abrir\u00e1 por tercera vez una serie de Copa Davis, antes lo hizo ante M\u00f3naco (2023) y Egipto (2024).<\/p>\n<p>\u201cEs mi tercera vez abriendo una serie. Estoy contento, personalmente me vengo sintiendo muy bien. En especial despu\u00e9s de la \u00faltima vez que fue ac\u00e1 que sent\u00ed mucho el apoyo de todo el p\u00fablico\u201d, acot\u00f3.<\/p>\n<p>El segundo partido de la serie, que cierra la jornada del s\u00e1bado, lo protagonizar\u00e1n Andr\u00e9s Andrade (#257) y James Duckworth (#86). El domingo 8 de febrero desde las 10h00, se enfrentar\u00e1n los doblistas ecuatorianos Gonzalo Escobar (#76 en dobles) y Diego Hidalgo (#85) ante Rinky Hijikata (#58 en dobles) y Jason Kubler (#71 en dobles). Seguido de \u00c1lvaro Guill\u00e9n ante James Duckworth; y, finalmente, Andr\u00e9s Andrade ante Jordan Thompson.<\/p>\n<p><img decoding=\"async\" class=\"aligncenter\" src=\"https:\/\/media.elcomercio.com\/wp-content\/uploads\/2026\/02\/copa-Davis-Cruces-1024x683.jpg\" alt=\"\u00c1lvaro Guill\u00e9n abrir\u00e1 la serie para Ecuador ante Australia por la Copa Davis: as\u00ed quedaron los cruces - El Comercio\" \/><\/p>\n<p>El doblista ecuatoriano Gonzalo Escobar mencion\u00f3 que \u201ctenemos unos rivales que los conocemos bastante, sabemos que va a ser dur\u00edsimo. Siento que estoy en mi mejor momento, as\u00ed que tengo muchas ganas de volver a tener otra gran oportunidad.\u201d<\/p>\n<p>Por su parte, Lleyton Hewitt, capit\u00e1n y legendario tenista australiano, tiene confianza de que su equipo podr\u00e1 con la presi\u00f3n de jugar de visitante. \u201cTengo varios a\u00f1os de experiencia en Copa Davis. Hemos jugado en lugares con una afici\u00f3n mucho m\u00e1s grande que esta y ya estamos acostumbrados\u201d.<\/p>\n<p>Jason Kubler, que jugar\u00e1 el dobles con Rinky Hijikata, se uni\u00f3 al grupo en \u00faltimo momento por la baja de Thanasi Kokkinakis (por lesi\u00f3n). \u201cEs muy triste que un compa\u00f1ero haya sufrido una lesi\u00f3n, pero estoy muy contento de estar aqu\u00ed y espero que me vaya bien en el partido de dobles\u201d.<\/p>\n<p>El ganador de esta serie se enfrentar\u00e1 en segunda ronda de Qualifiers a Gran Breta\u00f1a, que gan\u00f3 la serie 4-0 a Noruega, jugada este jueves 5 y viernes 6 de febrero.<\/p>\n","protected":false},"excerpt":{"rendered":"<p>Quito.- Por tercera ocasi\u00f3n \u00c1lvaro Guill\u00e9n (#201) abrir\u00e1 una serie de Copa Davis, y esta vez lo har\u00e1 este s\u00e1bado 7 de febrero (11h00) ante el australiano Jordan Thompson (#110), por la primera ronda de los Qualifiers, que se jugar\u00e1 este s\u00e1bado 7 y domingo 8 de febrero en el Quito Tenis y Golf Club. [&hellip;]<\/p>\n","protected":false},"author":2,"featured_media":47143,"comment_status":"open","ping_status":"closed","sticky":false,"template":"","format":"standard","meta":{"_jetpack_memberships_contains_paid_content":false,"footnotes":""},"categories":[736,9],"tags":[695,7308],"class_list":["post-47142","post","type-post","status-publish","format-standard","has-post-thumbnail","hentry","category-copa-davis","category-deportes","tag-copa-davis","tag-ecuador-australia"],"jetpack_featured_media_url":"https:\/\/radiocresatelital.com\/wp-content\/uploads\/2026\/02\/WhatsApp-Image-2026-02-06-at-17.11.59.jpeg","jetpack_sharing_enabled":true,"_links":{"self":[{"href":"https:\/\/radiocresatelital.com\/index.php?rest_route=\/wp\/v2\/posts\/47142","targetHints":{"allow":["GET"]}}],"collection":[{"href":"https:\/\/radiocresatelital.com\/index.php?rest_route=\/wp\/v2\/posts"}],"about":[{"href":"https:\/\/radiocresatelital.com\/index.php?rest_route=\/wp\/v2\/types\/post"}],"author":[{"embeddable":true,"href":"https:\/\/radiocresatelital.com\/index.php?rest_route=\/wp\/v2\/users\/2"}],"replies":[{"embeddable":true,"href":"https:\/\/radiocresatelital.com\/index.php?rest_route=%2Fwp%2Fv2%2Fcomments&post=47142"}],"version-history":[{"count":3,"href":"https:\/\/radiocresatelital.com\/index.php?rest_route=\/wp\/v2\/posts\/47142\/revisions"}],"predecessor-version":[{"id":47149,"href":"https:\/\/radiocresatelital.com\/index.php?rest_route=\/wp\/v2\/posts\/47142\/revisions\/47149"}],"wp:featuredmedia":[{"embeddable":true,"href":"https:\/\/radiocresatelital.com\/index.php?rest_route=\/wp\/v2\/media\/47143"}],"wp:attachment":[{"href":"https:\/\/radiocresatelital.com\/index.php?rest_route=%2Fwp%2Fv2%2Fmedia&parent=47142"}],"wp:term":[{"taxonomy":"category","embeddable":true,"href":"https:\/\/radiocresatelital.com\/index.php?rest_route=%2Fwp%2Fv2%2Fcategories&post=47142"},{"taxonomy":"post_tag","embeddable":true,"href":"https:\/\/radiocresatelital.com\/index.php?rest_route=%2Fwp%2Fv2%2Ftags&post=47142"}],"curies":[{"name":"wp","href":"https:\/\/api.w.org\/{rel}","templated":true}]}}