{"id":47135,"date":"2026-02-06T21:27:52","date_gmt":"2026-02-06T21:27:52","guid":{"rendered":"https:\/\/radiocresatelital.com\/?p=47135"},"modified":"2026-02-06T21:28:01","modified_gmt":"2026-02-06T21:28:01","slug":"se-realizo-la-ceremonia-de-innaguracion-de-los-juegos-de-invierno-milan-cortina","status":"publish","type":"post","link":"https:\/\/radiocresatelital.com\/?p=47135","title":{"rendered":"Se realiz\u00f3 la ceremonia de Innaguraci\u00f3n de los Juegos de Invierno Mil\u00e1n-Cortina"},"content":{"rendered":"<p>Mil\u00e1n.- Con alta espectativa se realiz\u00f3 la ceremonia de apertura para los Juegos Ol\u00edmpicos de Invierno que se realizar\u00e1n en Mil\u00e1n-Cortina y que tuvo como escenario en el estadio Giuseppe Meazza, que estuvo iluminado por los flashes de los tel\u00e9fonos celulares de los cerca de 67 mil espectadores que participan con entusiamo y se unieron en un coro mientras se realizaba la cuenta regresiva en las pantallas gigantes.<\/p>\n<p>Son 70 de un total de 146 que participar\u00e1n en la cita, los atletas italianos presentes en ese escenario, en tanto que los restantes miembros de la delegaci\u00f3n nacional desfilan en las restantes tres ceremonias previstas, 35 de ellos en Cortina D&#8217;Ampezzo, 13 en Predazzo y otros 28 en Livigno.<\/p>\n<div id=\"S_1\" class=\"pos-left-adv side-skin fixedFs\" data-google-query-id=\"COqk587mxZIDFa8P2wEdosElxg\"><\/div>\n<div id=\"page\">\n<div id=\"article-page-scroller\">\n<div class=\"article-page-container\" data-local-header=\"#article-header-01\">\n<div class=\"section article-detail\">\n<div class=\"container\">\n<div class=\"article-intro\">\n<div class=\"intro\">Una presencia se destac\u00f3 por sobre el resto: la del presidente de la Rep\u00fablica, Sergio Mattarella, quien antes de ubicarse en el palco de honor junto a la presidenta del Comit\u00e9 Ol\u00edmpico Internacional (COI), Kirsty Coventry, se llev\u00f3 la primera ovaci\u00f3n como protagonista de un ingenioso video.<\/div>\n<\/div>\n<div class=\"section-wrap\">\n<article class=\"section-main left\">\n<div class=\"article-main\">\n<div class=\"post-single-text rich-text news-txt\">\n<p>Las im\u00e1genes proyectadas lo mostraron arribando al recinto a bordo de un tranv\u00eda, el medio de transporte simb\u00f3lico de Mil\u00e1n, como un pasajero m\u00e1s, en una formaci\u00f3n conducida por el m\u00faltiple campe\u00f3n mundial de motociclismo Valentino Rossi.<\/p>\n<p>Mattarella se \u00abrob\u00f3\u00bb la escena por un momento en una noche m\u00e1gica que trajo de regreso los Juegos Ol\u00edmpicos a Italia por cuarta vez en la historia, tercera en una edici\u00f3n de Invierno que hab\u00eda celebrado Tur\u00edn all\u00e1 por 2006 y que 20 a\u00f1os m\u00e1s tarde vuelven a entusiasmar a un p\u00fablico que disfrut\u00f3 con esta nueva \u00absorpresa\u00bb.<\/p>\n<p>Tras un viaje como ciudadano com\u00fan a bordo de la formaci\u00f3n n\u00famero 26 (que alude al a\u00f1o en curso), entre compa\u00f1eros de viaje comunes, miembros de la orquesta de la Scala y esquiadores, su identidad permanece oculta, hasta que el propio presidente recoge un peluche del suelo y se revela al p\u00fablico.<\/p>\n<p>Un truco esc\u00e9nico que represent\u00f3 un toque del genio italiano y sorprendi\u00f3 durante una ceremonia inaugural que congreg\u00f3 a una cifra r\u00e9cord de p\u00fablico en el Giuseppe Meazza para un Juego de Invierno y que se estima fue observada por unos dos mil millones de televidentes en todo el mundo.<\/p>\n<p>Aplausos y v\u00edtores surcaron el estadio reconfortando el alma y rindiendo homenaje a todo el pa\u00eds mientras el coraz\u00f3n de Mil\u00e1n late simult\u00e1neamente en Cortina, Livigno y Predazzo y toda la regi\u00f3n alpina se abre al mundo y revela su belleza y patrimonio.<\/p>\n<p><img decoding=\"async\" src=\"https:\/\/pbs.twimg.com\/media\/HAgG1JPXwAE69G0?format=jpg&amp;name=small\" alt=\"Imagen\" \/><br \/>\nHistoria antigua y moderna, gastronom\u00eda, moda: no hay referencia italiana que el gran evento organizado por el gur\u00fa Marco Balich no toque y celebre. Y antes de que Mattarella, de la ficci\u00f3n a la realidad, ocupe su asiento en la tribuna oficial junto a Coventry, el estadio se ilumina con la bandera italiana para rendirle homenaje a Giorgio Armani, el genio de la moda recientemente fallecido.<\/p>\n<p>Un nombre que se ha vinculado a los uniformes ol\u00edmpicos de la selecci\u00f3n italiana a lo largo de los a\u00f1os. Las primeras escenas de la ceremonia son un homenaje a la belleza (la del neoclasicismo de Antonio Canova) y a la armon\u00eda, el tema central del espect\u00e1culo.<\/p>\n<p>Frente a unos cincuenta jefes de estado, con el vicepresidente JD Vance animando el llamamiento a la paz de Estados Unidos y el secretario general de la ONU, Antonio Guterres, el estadios que comparten Inter y Milan se transforma en un museo viviente.<\/p>\n<p>Vitrinas que muestran a Cupido y Psique, una fusi\u00f3n de arte y tecnolog\u00eda. Predominan el blanco y plata y luego irrumpe en escena la m\u00fasica. M\u00fasica cl\u00e1sica con los grandes maestros Giuseppe Verdi, Giacomo Puccini y Gioacchino Rossini: la estrella es la actriz Matilda De Angelis, vestida de rubio Marylin, directora de orquesta por una noche.<\/p>\n<p>Se celebra la armon\u00eda. En el desfile de personajes, formas y colores (grandes tubos de t\u00e9mpera dejan caer amarillo, azul y rojo desde el cielo formando un c\u00edrculo, entre partituras que vuelan), tambi\u00e9n hay un homenaje pop a otra gran figura italiana, Raffaella Carr\u00e0, con la melod\u00eda de \u00abA Far L&#8217;Amore&#8230;\u00bb (Hacer el amor&#8230;), y el estadio baila, sum\u00e1ndose al recuerdo.<\/p>\n<p>El registro m\u00e1s agudo se funde a la perfecci\u00f3n con lo popular cuando sale a escena Mariah Carey, vestida de blanco, con plumas y lentejuelas, interpretando \u00abNel Blu dipinto di Blu\u00bb de Domenico Modugno, seguida de una de sus canciones m\u00e1s ic\u00f3nicas, \u00abNada es imposible\u00bb.<\/p>\n<p>Entonces se observa a Mattarella ingresando al palco, acompa\u00f1ado por su inseparable hija Laura y recibido por el rugido de la multitud, y se celebra la bandera, entregada por Vittoria Ceretti, seg\u00fan el protocolo, y confiada al Cuerpo de Coraceros.<\/p>\n<p>Mientras tanto, en Cortina, tres carabineros izan la bandera. Y se alzan los acordes del himno italiano, cantado por Laura Pausini, vestida de negro entre dos alas tricolores. La c\u00e1lida voz de Francesco Favino irrumpe con \u00abInfinito\u00bb de Leopardi.<\/p>\n<p>Mil\u00e1n y Cortina se conectan, los anillos brillan y llega el turno de los grandes protagonistas de los Juegos: Los atletas. Encabeza la columna Grecia, sede de los primeros Juegos Ol\u00edmpicos, y la cierra la anfitriona Italia con Arianna Fontana y Federico Pellegrino encabezando la delegaci\u00f3n de 70 atletas italianos en San Siro.<\/p>\n<p>El mundo entero se entremezcla, incluso aquellos procedentes de pa\u00edses donde la nieve y el fr\u00edo no son habituales: Jamaica, Guinea, Hait\u00ed, Albania, con la italiana Lara Colturi al frente del equipo de Tirana.<br \/>\nLa paz, en un mundo desgarrado por las guerras, tras los llamamientos a una tregua (renovados por el Papa Le\u00f3n XIV), se sella con versos de \u00abPromemoria\u00bb de Gianni Rodari, recitados por Ghali, poniendo fin a la controversia sobre la negativa del artista milan\u00e9s a cantar el himno.<\/p>\n<p>Numerosas mujeres est\u00e1n representadas, entre ellas Charlize Theron, embajadora de la ONU para la Paz, quien env\u00eda un mensaje inspirado en el legendario Nelson Mandela, sudafricano como ella y s\u00edmbolo de la lucha contra el apartheid que lleg\u00f3 a la presidencia de su pa\u00eds.<\/p>\n<p>El mundo del futuro se revela en manos de Samantha Cristoforetti. La asistente de Andrea Bocelli acompa\u00f1a la llama, que sale del San Siro tras un relevo de grandes atletas. El cl\u00edmax es el encendido simult\u00e1neo de los braseros, el Arco del Paz y la Piazza Dibona: El espect\u00e1culo y la magia de los Juegos, con Italia, genio y tradici\u00f3n sin fronteras.<\/p>\n<p>La fiesta ya es historia. Ahora ser\u00e1n los 3.500 atletas procedentes de 92 pa\u00edses los que intentar\u00e1n hacerla en sus disciplinas, entre los cuales habr\u00e1 146 representantes \u00abazzurros\u00bb que ir\u00e1n en busca de la gloria para hacer de esta, una edici\u00f3n inolvidable, como lo fue esta ceremonia at\u00edpica y sorprendente que puso en marcha los Juegos.<\/p>\n<\/div>\n<\/div>\n<\/article>\n<\/div>\n<\/div>\n<\/div>\n<\/div>\n<\/div>\n<\/div>\n","protected":false},"excerpt":{"rendered":"<p>Mil\u00e1n.- Con alta espectativa se realiz\u00f3 la ceremonia de apertura para los Juegos Ol\u00edmpicos de Invierno que se realizar\u00e1n en Mil\u00e1n-Cortina y que tuvo como escenario en el estadio Giuseppe Meazza, que estuvo iluminado por los flashes de los tel\u00e9fonos celulares de los cerca de 67 mil espectadores que participan con entusiamo y se unieron [&hellip;]<\/p>\n","protected":false},"author":2,"featured_media":47136,"comment_status":"open","ping_status":"closed","sticky":false,"template":"","format":"standard","meta":{"_jetpack_memberships_contains_paid_content":false,"footnotes":""},"categories":[1],"tags":[],"class_list":["post-47135","post","type-post","status-publish","format-standard","has-post-thumbnail","hentry","category-publicidad"],"jetpack_featured_media_url":"https:\/\/radiocresatelital.com\/wp-content\/uploads\/2026\/02\/1b6f3dd9f90a10a5ed1f638ce5119463-1.webp","jetpack_sharing_enabled":true,"_links":{"self":[{"href":"https:\/\/radiocresatelital.com\/index.php?rest_route=\/wp\/v2\/posts\/47135","targetHints":{"allow":["GET"]}}],"collection":[{"href":"https:\/\/radiocresatelital.com\/index.php?rest_route=\/wp\/v2\/posts"}],"about":[{"href":"https:\/\/radiocresatelital.com\/index.php?rest_route=\/wp\/v2\/types\/post"}],"author":[{"embeddable":true,"href":"https:\/\/radiocresatelital.com\/index.php?rest_route=\/wp\/v2\/users\/2"}],"replies":[{"embeddable":true,"href":"https:\/\/radiocresatelital.com\/index.php?rest_route=%2Fwp%2Fv2%2Fcomments&post=47135"}],"version-history":[{"count":2,"href":"https:\/\/radiocresatelital.com\/index.php?rest_route=\/wp\/v2\/posts\/47135\/revisions"}],"predecessor-version":[{"id":47138,"href":"https:\/\/radiocresatelital.com\/index.php?rest_route=\/wp\/v2\/posts\/47135\/revisions\/47138"}],"wp:featuredmedia":[{"embeddable":true,"href":"https:\/\/radiocresatelital.com\/index.php?rest_route=\/wp\/v2\/media\/47136"}],"wp:attachment":[{"href":"https:\/\/radiocresatelital.com\/index.php?rest_route=%2Fwp%2Fv2%2Fmedia&parent=47135"}],"wp:term":[{"taxonomy":"category","embeddable":true,"href":"https:\/\/radiocresatelital.com\/index.php?rest_route=%2Fwp%2Fv2%2Fcategories&post=47135"},{"taxonomy":"post_tag","embeddable":true,"href":"https:\/\/radiocresatelital.com\/index.php?rest_route=%2Fwp%2Fv2%2Ftags&post=47135"}],"curies":[{"name":"wp","href":"https:\/\/api.w.org\/{rel}","templated":true}]}}