{"id":47097,"date":"2026-02-06T18:09:19","date_gmt":"2026-02-06T18:09:19","guid":{"rendered":"https:\/\/radiocresatelital.com\/?p=47097"},"modified":"2026-02-06T20:11:44","modified_gmt":"2026-02-06T20:11:44","slug":"la-salud-mental-un-tema-urgente-de-atender","status":"publish","type":"post","link":"https:\/\/radiocresatelital.com\/?p=47097","title":{"rendered":"La salud mental, un tema urgente de atender"},"content":{"rendered":"<p>Madrid.- Satisfechos, contentos y,sobre todo, con la tranquilidad renovada, se mostraron los ciudadanos que asistieron al taller \u2018T\u00e9cnicas de Paz Interior para la Vida Diaria\u2019 que llev\u00f3 adelante la ONG ISARA en el auditorio del Centro Cultural Ecuatoriano de Madrid. La capacitaci\u00f3n fue impartida el 29 de enero por la reconocida terapeuta y entrenadora mental Majo Cascales, presidenta de ISARA.<\/p>\n<p>Este taller corresponde al proyecto \u2018Ra\u00edces de Paz\u2019 que ISARA realiza de manera conjunta con la Embajada de Ecuador en Espa\u00f1a, pues entre los beneficiarios est\u00e1n los ecuatorianos que residen en este pa\u00eds. El evento cont\u00f3 con la participaci\u00f3n de la embajadora de Ecuador, Wilma Andrade, quien resalt\u00f3 la importancia de la salud mental en la vida de toda persona.<\/p>\n<p>La respiraci\u00f3n profunda, la autogesti\u00f3n del di\u00e1logo interno, el aceptar la incertidumbre, el establecer l\u00edmites saludables, entre otras t\u00e9cnicas, son las herramientas de paz interior que aprendieron los concurrentes.<\/p>\n<p>A trav\u00e9s de proyectos como este, Majo Cascales apunta a cumplir la misi\u00f3n de la ONG ISARA: promover la salud mental en Espa\u00f1a y en el mundo. En parte, su objetivo se fundamenta en las estad\u00edsticas de la Organizaci\u00f3n Mundial de la Salud (OMS), principalmente que, a escala global, m\u00e1s de mil millones de personas padecen de alguna afecci\u00f3n de salud mental.<\/p>\n<p>Los objetivos de ISARA concuerdan con las recomendaciones de la OMS en torno a que existen estrategias asequibles, eficaces y viables para impulsar, proteger y recuperar la salud mental; a la necesidad de mejorar este aspecto de manera urgente y a reconocerlo como parte integral de nuestro bienestar.<\/p>\n<p>Consecuentes con estos prop\u00f3sitos, la ONG ISARA y la Embajada de Ecuador en Espa\u00f1a continuar\u00e1n con la campa\u00f1a \u2018Ra\u00edces de Paz\u2019, cuyo ciclo incluye los talleres: \u2018Activa tu poder femenino\u2019, programado para el 5 de marzo; \u2018Aprende a pensar de forma consciente\u2019, a efectuarse el 16 de abril, y \u2018El poder de elegir conscientemente\u2019, a cumplirse el 18 de junio.<\/p>\n","protected":false},"excerpt":{"rendered":"<p>Madrid.- Satisfechos, contentos y,sobre todo, con la tranquilidad renovada, se mostraron los ciudadanos que asistieron al taller \u2018T\u00e9cnicas de Paz Interior para la Vida Diaria\u2019 que llev\u00f3 adelante la ONG ISARA en el auditorio del Centro Cultural Ecuatoriano de Madrid. La capacitaci\u00f3n fue impartida el 29 de enero por la reconocida terapeuta y entrenadora mental [&hellip;]<\/p>\n","protected":false},"author":2,"featured_media":47098,"comment_status":"open","ping_status":"closed","sticky":false,"template":"","format":"standard","meta":{"_jetpack_memberships_contains_paid_content":false,"footnotes":""},"categories":[11],"tags":[7708,7707],"class_list":["post-47097","post","type-post","status-publish","format-standard","has-post-thumbnail","hentry","category-noticias-internacionales","tag-centro-cultural-ecuatoriano-de-madrid","tag-tecnicas-de-paz-interior-para-la-vida-diaria"],"jetpack_featured_media_url":"https:\/\/radiocresatelital.com\/wp-content\/uploads\/2026\/02\/WhatsApp-Image-2026-02-06-at-09.24.50.jpeg","jetpack_sharing_enabled":true,"_links":{"self":[{"href":"https:\/\/radiocresatelital.com\/index.php?rest_route=\/wp\/v2\/posts\/47097","targetHints":{"allow":["GET"]}}],"collection":[{"href":"https:\/\/radiocresatelital.com\/index.php?rest_route=\/wp\/v2\/posts"}],"about":[{"href":"https:\/\/radiocresatelital.com\/index.php?rest_route=\/wp\/v2\/types\/post"}],"author":[{"embeddable":true,"href":"https:\/\/radiocresatelital.com\/index.php?rest_route=\/wp\/v2\/users\/2"}],"replies":[{"embeddable":true,"href":"https:\/\/radiocresatelital.com\/index.php?rest_route=%2Fwp%2Fv2%2Fcomments&post=47097"}],"version-history":[{"count":1,"href":"https:\/\/radiocresatelital.com\/index.php?rest_route=\/wp\/v2\/posts\/47097\/revisions"}],"predecessor-version":[{"id":47099,"href":"https:\/\/radiocresatelital.com\/index.php?rest_route=\/wp\/v2\/posts\/47097\/revisions\/47099"}],"wp:featuredmedia":[{"embeddable":true,"href":"https:\/\/radiocresatelital.com\/index.php?rest_route=\/wp\/v2\/media\/47098"}],"wp:attachment":[{"href":"https:\/\/radiocresatelital.com\/index.php?rest_route=%2Fwp%2Fv2%2Fmedia&parent=47097"}],"wp:term":[{"taxonomy":"category","embeddable":true,"href":"https:\/\/radiocresatelital.com\/index.php?rest_route=%2Fwp%2Fv2%2Fcategories&post=47097"},{"taxonomy":"post_tag","embeddable":true,"href":"https:\/\/radiocresatelital.com\/index.php?rest_route=%2Fwp%2Fv2%2Ftags&post=47097"}],"curies":[{"name":"wp","href":"https:\/\/api.w.org\/{rel}","templated":true}]}}