{"id":47042,"date":"2026-02-05T18:24:00","date_gmt":"2026-02-05T18:24:00","guid":{"rendered":"https:\/\/radiocresatelital.com\/?p=47042"},"modified":"2026-02-05T21:25:47","modified_gmt":"2026-02-05T21:25:47","slug":"de-madera-y-cana-hogar-de-cristo-invita-a-reflexionar-sobre-el-acceso-a-una-vivienda-digna","status":"publish","type":"post","link":"https:\/\/radiocresatelital.com\/?p=47042","title":{"rendered":"\u201cDe Madera y Ca\u00f1a\u201d: Hogar de Cristo invita a reflexionar sobre el acceso a una vivienda digna"},"content":{"rendered":"<p>Samborond\u00f3n.- Este 28 de enero, en Samborond\u00f3n, se realiz\u00f3 el evento <em>\u201c<\/em>De Madera y Ca\u00f1a<em>\u201d<\/em>, un espacio de encuentro y reflexi\u00f3n impulsado por Hogar de Cristo, que puso en el centro del debate el acceso a una vivienda digna para familias de la costa ecuatoriana.<\/p>\n<p>La actividad se desarroll\u00f3 en el marco del cierre del proyecto ejecutado junto a SELAVIP, cooperante internacional, y reuni\u00f3 a representantes institucionales, sector empresarial y de la academia y miembros de la comunidad.<\/p>\n<p>El evento incluy\u00f3 la proyecci\u00f3n de una pieza audiovisual que recoge historias reales de familias participantes, as\u00ed como un espacio de di\u00e1logo con diversos actores que aportaron miradas complementarias sobre el proceso habitacional, desde el acceso inicial a una vivienda emergente hasta la construcci\u00f3n de hogares que dignifican la vida.<\/p>\n<p>Durante el encuentro se destac\u00f3 la importancia de la vivienda digna como un derecho fundamental, as\u00ed como el rol de la sostenibilidad y la implementaci\u00f3n de viviendas con materiales como la madera y ca\u00f1a, el acompa\u00f1amiento comunitario y las alianzas estrat\u00e9gicas para generar impactos duraderos en los territorios.<\/p>\n<p>Como cierre del evento, Hogar de Cristo y SELAVIP firmaron la continuidad del proyecto \u201cViviendas Dignas\u00bb, reafirmando su compromiso con el trabajo conjunto y la cooperaci\u00f3n internacional para seguir impulsando soluciones habitacionales que mejoren la calidad de vida de las familias m\u00e1s vulnerables del pa\u00eds.<\/p>\n","protected":false},"excerpt":{"rendered":"<p>Samborond\u00f3n.- Este 28 de enero, en Samborond\u00f3n, se realiz\u00f3 el evento \u201cDe Madera y Ca\u00f1a\u201d, un espacio de encuentro y reflexi\u00f3n impulsado por Hogar de Cristo, que puso en el centro del debate el acceso a una vivienda digna para familias de la costa ecuatoriana. La actividad se desarroll\u00f3 en el marco del cierre del [&hellip;]<\/p>\n","protected":false},"author":2,"featured_media":47043,"comment_status":"open","ping_status":"closed","sticky":false,"template":"","format":"standard","meta":{"_jetpack_memberships_contains_paid_content":false,"footnotes":""},"categories":[1],"tags":[7696,7697],"class_list":["post-47042","post","type-post","status-publish","format-standard","has-post-thumbnail","hentry","category-publicidad","tag-de-madera-y-cana","tag-proyecto-viviendas-dignas"],"jetpack_featured_media_url":"https:\/\/radiocresatelital.com\/wp-content\/uploads\/2026\/02\/WhatsApp-Image-2026-02-03-at-16.20.52.jpeg","jetpack_sharing_enabled":true,"_links":{"self":[{"href":"https:\/\/radiocresatelital.com\/index.php?rest_route=\/wp\/v2\/posts\/47042","targetHints":{"allow":["GET"]}}],"collection":[{"href":"https:\/\/radiocresatelital.com\/index.php?rest_route=\/wp\/v2\/posts"}],"about":[{"href":"https:\/\/radiocresatelital.com\/index.php?rest_route=\/wp\/v2\/types\/post"}],"author":[{"embeddable":true,"href":"https:\/\/radiocresatelital.com\/index.php?rest_route=\/wp\/v2\/users\/2"}],"replies":[{"embeddable":true,"href":"https:\/\/radiocresatelital.com\/index.php?rest_route=%2Fwp%2Fv2%2Fcomments&post=47042"}],"version-history":[{"count":1,"href":"https:\/\/radiocresatelital.com\/index.php?rest_route=\/wp\/v2\/posts\/47042\/revisions"}],"predecessor-version":[{"id":47044,"href":"https:\/\/radiocresatelital.com\/index.php?rest_route=\/wp\/v2\/posts\/47042\/revisions\/47044"}],"wp:featuredmedia":[{"embeddable":true,"href":"https:\/\/radiocresatelital.com\/index.php?rest_route=\/wp\/v2\/media\/47043"}],"wp:attachment":[{"href":"https:\/\/radiocresatelital.com\/index.php?rest_route=%2Fwp%2Fv2%2Fmedia&parent=47042"}],"wp:term":[{"taxonomy":"category","embeddable":true,"href":"https:\/\/radiocresatelital.com\/index.php?rest_route=%2Fwp%2Fv2%2Fcategories&post=47042"},{"taxonomy":"post_tag","embeddable":true,"href":"https:\/\/radiocresatelital.com\/index.php?rest_route=%2Fwp%2Fv2%2Ftags&post=47042"}],"curies":[{"name":"wp","href":"https:\/\/api.w.org\/{rel}","templated":true}]}}