{"id":47029,"date":"2026-02-05T18:44:09","date_gmt":"2026-02-05T18:44:09","guid":{"rendered":"https:\/\/radiocresatelital.com\/?p=47029"},"modified":"2026-02-05T20:47:39","modified_gmt":"2026-02-05T20:47:39","slug":"salinas-sera-sede-del-campeonato-nacional-interclubes-adultos-de-sambo-2026","status":"publish","type":"post","link":"https:\/\/radiocresatelital.com\/?p=47029","title":{"rendered":"Salinas ser\u00e1 sede del Campeonato Nacional Interclubes Adultos de Sambo 2026"},"content":{"rendered":"<p>Guayaquil. -La Federaci\u00f3n Ecuatoriana de Sambo (FESA), encabezada por su presidente, Francisco Ort\u00edz, anuncia la realizaci\u00f3n del Campeonato Nacional Interclubes Adultos 2026, evento que marcar\u00e1 el inicio oficial del calendario competitivo del Sambo en el pa\u00eds. El campeonato se llevar\u00e1 a cabo el s\u00e1bado 14 de febrero, en el Polideportivo Benjam\u00edn Carri\u00f3n, en la ciudad de Salinas, provincia de Santa Elena.<\/p>\n<p>La jornada deportiva reunir\u00e1 a clubes y atletas de distintas provincias del Ecuador, quienes competir\u00e1n en las modalidades de Sambo Deportivo, Combat Sambo y Sambo de Playa, consolidando a este evento como uno de los m\u00e1s importantes del a\u00f1o a nivel nacional.<\/p>\n<p>Para la Federaci\u00f3n Ecuatoriana de Sambo, este campeonato representa la apertura de un nuevo a\u00f1o de actividades, planificado estrat\u00e9gicamente en fechas festivas para facilitar la participaci\u00f3n de atletas de todo el pa\u00eds. La experiencia positiva obtenida en a\u00f1os anteriores ha demostrado que este modelo permite una mayor asistencia y proyecci\u00f3n del deporte.<\/p>\n<p><strong>Salinas, sede estrat\u00e9gica<\/strong><br \/>\nLa elecci\u00f3n de Salinas responde a la proyecci\u00f3n nacional que busca la Federaci\u00f3n. Tras el exitoso Campeonato Panamericano de Sambo 2025, organizado en Guayaquil bajo los m\u00e1s altos est\u00e1ndares internacionales y con el aval de la Federaci\u00f3n Internacional de Sambo (FIAS), FESA apuesta ahora por descentralizar sus eventos y llevar el Sambo a nuevos escenarios del pa\u00eds.<\/p>\n<p>Este proceso ha sido posible gracias al respaldo de la Alcald\u00eda de Salinas, quien desde el inicio brind\u00f3 total apertura y apoyo log\u00edstico para la realizaci\u00f3n del torneo.<\/p>\n<p>La respuesta de la comunidad deportiva ha sido altamente positiva. Se espera la participaci\u00f3n de clubes y deportistas provenientes de Guayas, Pichincha, El Oro, Esmeraldas, Orellana, Santa Elena y Azuay, adem\u00e1s de competidores pertenecientes a la Fuerza A\u00e9rea Ecuatoriana, Ej\u00e9rcito y Polic\u00eda Nacional.<\/p>\n<p>Esta ser\u00e1 la primera vez que un Campeonato Nacional de Sambo de Playa se realice fuera de Guayaquil y, por primera vez, en una playa abierta al p\u00fablico. La combinaci\u00f3n del escenario natural de Salinas, la cercan\u00eda al feriado de Carnaval y la celebraci\u00f3n de San Valent\u00edn permitir\u00e1 que turistas y visitantes disfruten del evento, generando una vitrina \u00fanica para el crecimiento y masificaci\u00f3n del Sambo en el pa\u00eds.<\/p>\n<p><strong>Crecimiento sostenido del Sambo en Ecuador<\/strong><br \/>\nDesde el a\u00f1o 2023, el Sambo ecuatoriano ha experimentado un crecimiento hist\u00f3rico. En apenas tres a\u00f1os, se han conformado clubes a nivel nacional, se cre\u00f3 la Asociaci\u00f3n Provincial de Sambo del Guayas y recientemente se aprob\u00f3 el registro definitivo del directorio de la Federaci\u00f3n Ecuatoriana de Sambo por parte del Ministerio del Deporte.<\/p>\n<p>Durante este per\u00edodo, Ecuador ha sido sede de m\u00faltiples campeonatos nacionales y de un Campeonato Panamericano, adem\u00e1s de contar con presencia internacional en pa\u00edses como Kazajist\u00e1n, Kirguist\u00e1n y pr\u00f3ximamente Uzbekist\u00e1n.<\/p>\n<p><strong>Camino a la selecci\u00f3n nacional<\/strong><br \/>\nEl Campeonato Nacional Interclubes Adultos 2026 ser\u00e1 la primera fecha del circuito nacional que definir\u00e1 a los atletas que integrar\u00e1n la Selecci\u00f3n Ecuatoriana de Sambo, la cual representar\u00e1 al pa\u00eds en el Campeonato Panamericano 2026 en Costa Rica. El circuito constar\u00e1 de tres competencias en diferentes ciudades del pa\u00eds.<\/p>\n<p><strong>Impacto deportivo y social<\/strong><br \/>\nLa Federaci\u00f3n espera que este evento genere un impacto positivo tanto deportivo como social en Salinas, aprovechando la alta afluencia tur\u00edstica para dar a conocer el Sambo a nuevos p\u00fablicos y fortalecer el deporte local.<\/p>\n<p><strong>Invitaci\u00f3n al p\u00fablico<\/strong><br \/>\nLa Federaci\u00f3n Ecuatoriana de Sambo invita a la ciudadan\u00eda, a los amantes de las artes marciales y al p\u00fablico en general a ser parte de este evento \u00fanico, donde podr\u00e1n disfrutar de combates de alto nivel en un deporte h\u00edbrido que combina t\u00e9cnicas de golpeo, lanzamientos, lucha en el suelo y defensa personal.<\/p>\n<p>El Campeonato Nacional Interclubes Adultos 2026 promete ser un espect\u00e1culo deportivo imperdible y un momento hist\u00f3rico para el Sambo ecuatoriano.<\/p>\n","protected":false},"excerpt":{"rendered":"<p>Guayaquil. -La Federaci\u00f3n Ecuatoriana de Sambo (FESA), encabezada por su presidente, Francisco Ort\u00edz, anuncia la realizaci\u00f3n del Campeonato Nacional Interclubes Adultos 2026, evento que marcar\u00e1 el inicio oficial del calendario competitivo del Sambo en el pa\u00eds. El campeonato se llevar\u00e1 a cabo el s\u00e1bado 14 de febrero, en el Polideportivo Benjam\u00edn Carri\u00f3n, en la ciudad [&hellip;]<\/p>\n","protected":false},"author":2,"featured_media":47030,"comment_status":"open","ping_status":"closed","sticky":false,"template":"","format":"standard","meta":{"_jetpack_memberships_contains_paid_content":false,"footnotes":""},"categories":[9],"tags":[7695,7694],"class_list":["post-47029","post","type-post","status-publish","format-standard","has-post-thumbnail","hentry","category-deportes","tag-campeonato-nacional-interclubes-adultos-2026","tag-federacion-ecuatoriana-de-sambo"],"jetpack_featured_media_url":"https:\/\/radiocresatelital.com\/wp-content\/uploads\/2026\/02\/WhatsApp-Image-2026-02-05-at-15.40.41.jpeg","jetpack_sharing_enabled":true,"_links":{"self":[{"href":"https:\/\/radiocresatelital.com\/index.php?rest_route=\/wp\/v2\/posts\/47029","targetHints":{"allow":["GET"]}}],"collection":[{"href":"https:\/\/radiocresatelital.com\/index.php?rest_route=\/wp\/v2\/posts"}],"about":[{"href":"https:\/\/radiocresatelital.com\/index.php?rest_route=\/wp\/v2\/types\/post"}],"author":[{"embeddable":true,"href":"https:\/\/radiocresatelital.com\/index.php?rest_route=\/wp\/v2\/users\/2"}],"replies":[{"embeddable":true,"href":"https:\/\/radiocresatelital.com\/index.php?rest_route=%2Fwp%2Fv2%2Fcomments&post=47029"}],"version-history":[{"count":1,"href":"https:\/\/radiocresatelital.com\/index.php?rest_route=\/wp\/v2\/posts\/47029\/revisions"}],"predecessor-version":[{"id":47031,"href":"https:\/\/radiocresatelital.com\/index.php?rest_route=\/wp\/v2\/posts\/47029\/revisions\/47031"}],"wp:featuredmedia":[{"embeddable":true,"href":"https:\/\/radiocresatelital.com\/index.php?rest_route=\/wp\/v2\/media\/47030"}],"wp:attachment":[{"href":"https:\/\/radiocresatelital.com\/index.php?rest_route=%2Fwp%2Fv2%2Fmedia&parent=47029"}],"wp:term":[{"taxonomy":"category","embeddable":true,"href":"https:\/\/radiocresatelital.com\/index.php?rest_route=%2Fwp%2Fv2%2Fcategories&post=47029"},{"taxonomy":"post_tag","embeddable":true,"href":"https:\/\/radiocresatelital.com\/index.php?rest_route=%2Fwp%2Fv2%2Ftags&post=47029"}],"curies":[{"name":"wp","href":"https:\/\/api.w.org\/{rel}","templated":true}]}}