{"id":4702,"date":"2023-09-22T04:45:11","date_gmt":"2023-09-22T04:45:11","guid":{"rendered":"https:\/\/radiocresatelital.com\/?p=4702"},"modified":"2023-09-22T04:45:11","modified_gmt":"2023-09-22T04:45:11","slug":"movimiento-mundial-scaling-up-nutrition-sun-toma-la-experiencia-de-ecuador-de-la-lucha-contra-la-dci-como-modelo-replicable-en-la-region","status":"publish","type":"post","link":"https:\/\/radiocresatelital.com\/?p=4702","title":{"rendered":"Movimiento Mundial, Scaling Up Nutrition (SUN), toma la experiencia de Ecuador de la lucha contra la DCI como modelo replicable en la regi\u00f3n"},"content":{"rendered":"<p>Nueva York.- En el marco de la agenda internacional que cumple el Presidente de la Rep\u00fablica, Guillermo Lasso Mendoza, la tarde de este jueves 21 de septiembre, mantuvo un encuentro con Afshan Khan, Coordinadora de Scaling Up Nutrition (SUN), un movimiento mundial que busca combatir la desnutrici\u00f3n, especialmente en pa\u00edses en desarrollo.<\/p>\n<p>En esta cita, el Mandatario expuso los logros de su gesti\u00f3n en el combate a la Desnutrici\u00f3n Cr\u00f3nica Infantil (DCI), que se constituye en el hito bandera de su Gobierno. \u201cEl movimiento SUN y su representante nos han pedido documentar nuestro programa \u201cEcuador Crece sin Desnutrici\u00f3n Infantil\u201d, para que pueda servir en la lucha de esta causa en otros pa\u00edses. Me compromet\u00ed a apoyarlos y as\u00ed lo har\u00e9 por todos los ni\u00f1os y ni\u00f1as que nos necesitan\u201d, inform\u00f3 el presidente Lasso.<\/p>\n<p>Por su parte Afshan Khan calific\u00f3 como \u201cextraordinaria\u201d la labor del Jefe de Estado, al haber alcanzado un \u00edndice de 3,5% en reducci\u00f3n de la DCI en poco tiempo. Al respecto, afirm\u00f3 que esta meta se alinea a la correcta visi\u00f3n de haber integrado a los campos de la educaci\u00f3n y salud como pilares para combatir esta problem\u00e1tica.<\/p>\n<p>\u201cEste es un modelo que puede ser compartido con otros pa\u00edses de la regi\u00f3n (\u2026). El aplicar una pol\u00edtica nacional que se implementa a escala comunitaria demuestra el compromiso de que los recursos est\u00e1n enfocados en proteger los derechos y futuro de los ni\u00f1os\u201d, sostuvo Khan. A ello agreg\u00f3 que este tema debe incluirse en la agenda pol\u00edtica y compromisos regionales.<\/p>\n<p><strong>Evaluaci\u00f3n de la agenda presidencial en Nueva York<\/strong><br \/>\nEl Presidente Lasso brind\u00f3 un balance sobre las actividades desarrolladas en Estados Unidos. \u201cEsta ha sido una semana interesante y positiva para el Ecuador\u201d. Entre los aspectos m\u00e1s relevantes destac\u00f3 su participaci\u00f3n en la University Adam Smith Center for Economic Freedom en donde expuso los hitos del pa\u00eds en \u00e1mbitos como econom\u00eda, transici\u00f3n ecol\u00f3gica y DCI.<\/p>\n<p>El presidente Guillermo Lasso tambi\u00e9n se refiri\u00f3 a la audiencia con el Pr\u00edncipe de Gales, quien congratul\u00f3 la iniciativa de lograr el canje de deuda por conservaci\u00f3n, al tiempo que conmin\u00f3 a que dicho modelo sea replicado en otros rincones del mundo.<\/p>\n<p>Por otro lado, el Presidente reiter\u00f3 que este viaje, a trav\u00e9s del Consejo de Seguridad de las Naciones Unidas, fue la plataforma adecuada para que Ecuador reitere su llamado a la paz en virtud de la guerra entre Rusia y Ucrania. Del mismo modo, el Primer Mandatario resalt\u00f3 que en su participaci\u00f3n durante la Asamblea General de las Naciones Unidas, entre otros aspectos, abord\u00f3 sobre el crimen organizado y sus efectos lesivos en la sociedad.<\/p>\n","protected":false},"excerpt":{"rendered":"<p>Nueva York.- En el marco de la agenda internacional que cumple el Presidente de la Rep\u00fablica, Guillermo Lasso Mendoza, la tarde de este jueves 21 de septiembre, mantuvo un encuentro con Afshan Khan, Coordinadora de Scaling Up Nutrition (SUN), un movimiento mundial que busca combatir la desnutrici\u00f3n, especialmente en pa\u00edses en desarrollo. En esta cita, [&hellip;]<\/p>\n","protected":false},"author":2,"featured_media":4703,"comment_status":"open","ping_status":"closed","sticky":false,"template":"","format":"standard","meta":{"_jetpack_memberships_contains_paid_content":false,"footnotes":""},"categories":[13],"tags":[338],"class_list":["post-4702","post","type-post","status-publish","format-standard","has-post-thumbnail","hentry","category-noticias-nacionales","tag-presidente-de-la-republica"],"jetpack_featured_media_url":"https:\/\/radiocresatelital.com\/wp-content\/uploads\/2023\/09\/F6lU0bEW0AAfjnS.jpeg","jetpack_sharing_enabled":true,"_links":{"self":[{"href":"https:\/\/radiocresatelital.com\/index.php?rest_route=\/wp\/v2\/posts\/4702","targetHints":{"allow":["GET"]}}],"collection":[{"href":"https:\/\/radiocresatelital.com\/index.php?rest_route=\/wp\/v2\/posts"}],"about":[{"href":"https:\/\/radiocresatelital.com\/index.php?rest_route=\/wp\/v2\/types\/post"}],"author":[{"embeddable":true,"href":"https:\/\/radiocresatelital.com\/index.php?rest_route=\/wp\/v2\/users\/2"}],"replies":[{"embeddable":true,"href":"https:\/\/radiocresatelital.com\/index.php?rest_route=%2Fwp%2Fv2%2Fcomments&post=4702"}],"version-history":[{"count":1,"href":"https:\/\/radiocresatelital.com\/index.php?rest_route=\/wp\/v2\/posts\/4702\/revisions"}],"predecessor-version":[{"id":4704,"href":"https:\/\/radiocresatelital.com\/index.php?rest_route=\/wp\/v2\/posts\/4702\/revisions\/4704"}],"wp:featuredmedia":[{"embeddable":true,"href":"https:\/\/radiocresatelital.com\/index.php?rest_route=\/wp\/v2\/media\/4703"}],"wp:attachment":[{"href":"https:\/\/radiocresatelital.com\/index.php?rest_route=%2Fwp%2Fv2%2Fmedia&parent=4702"}],"wp:term":[{"taxonomy":"category","embeddable":true,"href":"https:\/\/radiocresatelital.com\/index.php?rest_route=%2Fwp%2Fv2%2Fcategories&post=4702"},{"taxonomy":"post_tag","embeddable":true,"href":"https:\/\/radiocresatelital.com\/index.php?rest_route=%2Fwp%2Fv2%2Ftags&post=4702"}],"curies":[{"name":"wp","href":"https:\/\/api.w.org\/{rel}","templated":true}]}}