{"id":46982,"date":"2026-02-05T17:26:51","date_gmt":"2026-02-05T17:26:51","guid":{"rendered":"https:\/\/radiocresatelital.com\/?p=46982"},"modified":"2026-02-05T17:40:55","modified_gmt":"2026-02-05T17:40:55","slug":"fallece-el-arzobispo-emerito-de-guayaquil-antonio-arregui-a-los-86-anos","status":"publish","type":"post","link":"https:\/\/radiocresatelital.com\/?p=46982","title":{"rendered":"Fallece el arzobispo em\u00e9rito de Guayaquil, Antonio Arregui, a los 86 a\u00f1os"},"content":{"rendered":"<p class=\"isSelectedEnd\">Guayaquil .- Monse\u00f1or Antonio Arregui Yarza, arzobispo em\u00e9rito de Guayaquil, falleci\u00f3 este jueves 5 de febrero en el Puerto Principal tras permanecer hospitalizado por un cuadro de neumon\u00eda y una falla cardiaca.<\/p>\n<p class=\"isSelectedEnd\">Nacido en Espa\u00f1a en 1939, desarroll\u00f3 una amplia trayectoria en la Iglesia Cat\u00f3lica. Fue obispo auxiliar de Quito, obispo de Ibarra y arzobispo de Guayaquil entre 2003 y 2015. Adem\u00e1s, presidi\u00f3 la Conferencia Episcopal Ecuatoriana entre 2008 y 2014.<\/p>\n<p>Su fallecimiento marca el cierre de una etapa relevante dentro de la Iglesia en Ecuador, donde ejerci\u00f3 labores pastorales durante d\u00e9cadas.<\/p>\n","protected":false},"excerpt":{"rendered":"<p>Guayaquil .- Monse\u00f1or Antonio Arregui Yarza, arzobispo em\u00e9rito de Guayaquil, falleci\u00f3 este jueves 5 de febrero en el Puerto Principal tras permanecer hospitalizado por un cuadro de neumon\u00eda y una falla cardiaca. Nacido en Espa\u00f1a en 1939, desarroll\u00f3 una amplia trayectoria en la Iglesia Cat\u00f3lica. Fue obispo auxiliar de Quito, obispo de Ibarra y arzobispo [&hellip;]<\/p>\n","protected":false},"author":17,"featured_media":46983,"comment_status":"open","ping_status":"closed","sticky":false,"template":"","format":"standard","meta":{"_jetpack_memberships_contains_paid_content":false,"footnotes":""},"categories":[13],"tags":[7682],"class_list":["post-46982","post","type-post","status-publish","format-standard","has-post-thumbnail","hentry","category-noticias-nacionales","tag-guayaquil-ecuador-iglesiacatolica-antonioarregui-actualidad"],"jetpack_featured_media_url":"https:\/\/radiocresatelital.com\/wp-content\/uploads\/2026\/02\/808x539_cmsv2_ef0972d4-dde8-5228-af54-cf73acc4269a-9423953-2.webp","jetpack_sharing_enabled":true,"_links":{"self":[{"href":"https:\/\/radiocresatelital.com\/index.php?rest_route=\/wp\/v2\/posts\/46982","targetHints":{"allow":["GET"]}}],"collection":[{"href":"https:\/\/radiocresatelital.com\/index.php?rest_route=\/wp\/v2\/posts"}],"about":[{"href":"https:\/\/radiocresatelital.com\/index.php?rest_route=\/wp\/v2\/types\/post"}],"author":[{"embeddable":true,"href":"https:\/\/radiocresatelital.com\/index.php?rest_route=\/wp\/v2\/users\/17"}],"replies":[{"embeddable":true,"href":"https:\/\/radiocresatelital.com\/index.php?rest_route=%2Fwp%2Fv2%2Fcomments&post=46982"}],"version-history":[{"count":2,"href":"https:\/\/radiocresatelital.com\/index.php?rest_route=\/wp\/v2\/posts\/46982\/revisions"}],"predecessor-version":[{"id":46987,"href":"https:\/\/radiocresatelital.com\/index.php?rest_route=\/wp\/v2\/posts\/46982\/revisions\/46987"}],"wp:featuredmedia":[{"embeddable":true,"href":"https:\/\/radiocresatelital.com\/index.php?rest_route=\/wp\/v2\/media\/46983"}],"wp:attachment":[{"href":"https:\/\/radiocresatelital.com\/index.php?rest_route=%2Fwp%2Fv2%2Fmedia&parent=46982"}],"wp:term":[{"taxonomy":"category","embeddable":true,"href":"https:\/\/radiocresatelital.com\/index.php?rest_route=%2Fwp%2Fv2%2Fcategories&post=46982"},{"taxonomy":"post_tag","embeddable":true,"href":"https:\/\/radiocresatelital.com\/index.php?rest_route=%2Fwp%2Fv2%2Ftags&post=46982"}],"curies":[{"name":"wp","href":"https:\/\/api.w.org\/{rel}","templated":true}]}}