{"id":46978,"date":"2026-02-05T17:08:59","date_gmt":"2026-02-05T17:08:59","guid":{"rendered":"https:\/\/radiocresatelital.com\/?p=46978"},"modified":"2026-02-05T17:09:34","modified_gmt":"2026-02-05T17:09:34","slug":"avianca-retomara-vuelos-diarios-entre-bogota-y-caracas","status":"publish","type":"post","link":"https:\/\/radiocresatelital.com\/?p=46978","title":{"rendered":"Avianca retomar\u00e1 vuelos diarios entre Bogot\u00e1 y Caracas"},"content":{"rendered":"<p data-start=\"115\" data-end=\"333\">\u00a0Bogot\u00e1 <strong data-start=\"40\" data-end=\"61\">.-<\/strong>La aerol\u00ednea colombiana Avianca anunci\u00f3 que a partir del 12 de febrero de 2026 reanudar\u00e1 los vuelos en la ruta Bogot\u00e1\u2013Caracas, con una frecuencia diaria, tras haberlos suspendido en noviembre de 2025.<\/p>\n<p data-start=\"335\" data-end=\"628\">Seg\u00fan la compa\u00f1\u00eda, la decisi\u00f3n se tom\u00f3 luego de una evaluaci\u00f3n integral de las condiciones operativas y de seguridad a\u00e9rea, en coordinaci\u00f3n con las autoridades competentes. Los vuelos saldr\u00e1n desde Bogot\u00e1 a las 07:40 y el retorno desde Caracas ser\u00e1 a las 12:10, en horario local.<\/p>\n<p data-start=\"630\" data-end=\"937\">Avianca destac\u00f3 que la reactivaci\u00f3n de esta ruta busca fortalecer la conectividad regional y contribuir al desarrollo comercial y tur\u00edstico entre Colombia y Venezuela. La reapertura se da luego de que Estados Unidos anunciara la flexibilizaci\u00f3n de las restricciones a\u00e9reas sobre el espacio venezolano.<\/p>\n<p data-start=\"939\" data-end=\"1096\">Otras aerol\u00edneas como Wingo y Latam Airlines Colombia tambi\u00e9n han iniciado o anunciado la reanudaci\u00f3n de sus operaciones hacia la capital venezolana.<\/p>\n","protected":false},"excerpt":{"rendered":"<p>\u00a0Bogot\u00e1 .-La aerol\u00ednea colombiana Avianca anunci\u00f3 que a partir del 12 de febrero de 2026 reanudar\u00e1 los vuelos en la ruta Bogot\u00e1\u2013Caracas, con una frecuencia diaria, tras haberlos suspendido en noviembre de 2025. Seg\u00fan la compa\u00f1\u00eda, la decisi\u00f3n se tom\u00f3 luego de una evaluaci\u00f3n integral de las condiciones operativas y de seguridad a\u00e9rea, en coordinaci\u00f3n [&hellip;]<\/p>\n","protected":false},"author":17,"featured_media":46979,"comment_status":"open","ping_status":"closed","sticky":false,"template":"","format":"standard","meta":{"_jetpack_memberships_contains_paid_content":false,"footnotes":""},"categories":[11],"tags":[7681],"class_list":["post-46978","post","type-post","status-publish","format-standard","has-post-thumbnail","hentry","category-noticias-internacionales","tag-avianca-vuelos-bogota-caracas-conectividadaerea-transporteaereo-noticias-internacional"],"jetpack_featured_media_url":"https:\/\/radiocresatelital.com\/wp-content\/uploads\/2026\/02\/695d38f7366b9-10.jpeg","jetpack_sharing_enabled":true,"_links":{"self":[{"href":"https:\/\/radiocresatelital.com\/index.php?rest_route=\/wp\/v2\/posts\/46978","targetHints":{"allow":["GET"]}}],"collection":[{"href":"https:\/\/radiocresatelital.com\/index.php?rest_route=\/wp\/v2\/posts"}],"about":[{"href":"https:\/\/radiocresatelital.com\/index.php?rest_route=\/wp\/v2\/types\/post"}],"author":[{"embeddable":true,"href":"https:\/\/radiocresatelital.com\/index.php?rest_route=\/wp\/v2\/users\/17"}],"replies":[{"embeddable":true,"href":"https:\/\/radiocresatelital.com\/index.php?rest_route=%2Fwp%2Fv2%2Fcomments&post=46978"}],"version-history":[{"count":1,"href":"https:\/\/radiocresatelital.com\/index.php?rest_route=\/wp\/v2\/posts\/46978\/revisions"}],"predecessor-version":[{"id":46980,"href":"https:\/\/radiocresatelital.com\/index.php?rest_route=\/wp\/v2\/posts\/46978\/revisions\/46980"}],"wp:featuredmedia":[{"embeddable":true,"href":"https:\/\/radiocresatelital.com\/index.php?rest_route=\/wp\/v2\/media\/46979"}],"wp:attachment":[{"href":"https:\/\/radiocresatelital.com\/index.php?rest_route=%2Fwp%2Fv2%2Fmedia&parent=46978"}],"wp:term":[{"taxonomy":"category","embeddable":true,"href":"https:\/\/radiocresatelital.com\/index.php?rest_route=%2Fwp%2Fv2%2Fcategories&post=46978"},{"taxonomy":"post_tag","embeddable":true,"href":"https:\/\/radiocresatelital.com\/index.php?rest_route=%2Fwp%2Fv2%2Ftags&post=46978"}],"curies":[{"name":"wp","href":"https:\/\/api.w.org\/{rel}","templated":true}]}}