{"id":46975,"date":"2026-02-05T16:41:52","date_gmt":"2026-02-05T16:41:52","guid":{"rendered":"https:\/\/radiocresatelital.com\/?p=46975"},"modified":"2026-02-05T16:41:52","modified_gmt":"2026-02-05T16:41:52","slug":"ataque-armado-deja-dos-muertos-en-urdesa-norte-guayaquil","status":"publish","type":"post","link":"https:\/\/radiocresatelital.com\/?p=46975","title":{"rendered":"Ataque armado deja dos muertos en Urdesa Norte, Guayaquil"},"content":{"rendered":"<p data-start=\"85\" data-end=\"467\">Guayaquil.- La ma\u00f1ana de este jueves 5 de febrero se registr\u00f3 un violento ataque armado en el sector de Urdesa Norte, en la ciudad de Guayaquil, que dej\u00f3 como saldo dos hombres asesinados. Las v\u00edctimas se movilizaban en un veh\u00edculo tipo SUV cuando fueron interceptadas y atacadas a balazos por sujetos armados, en un hecho que gener\u00f3 alarma entre moradores y transe\u00fantes de la zona.<\/p>\n<p data-start=\"469\" data-end=\"865\">Producto del ataque, una de las v\u00edctimas descendi\u00f3 del automotor gravemente herida y cay\u00f3 tendida sobre la calzada, donde posteriormente se confirm\u00f3 su fallecimiento. El segundo ocupante del veh\u00edculo tambi\u00e9n perdi\u00f3 la vida a causa de los impactos de bala. El doble crimen ocurri\u00f3 frente a las instalaciones de una empresa de seguridad privada, lo que increment\u00f3 la conmoci\u00f3n en el sector.<\/p>\n<p data-start=\"867\" data-end=\"1315\">Agentes de la Polic\u00eda Nacional acordonaron el \u00e1rea para realizar el levantamiento de los cuerpos y recopilar indicios bal\u00edsticos, mientras personal especializado inici\u00f3 las investigaciones para determinar las circunstancias del ataque, la identidad de los responsables y el posible m\u00f3vil del crimen. Hasta el cierre de esta informaci\u00f3n, las autoridades no han confirmado si el hecho estar\u00eda relacionado con disputas entre organizaciones criminales.<\/p>\n<p data-start=\"1317\" data-end=\"1551\" data-is-last-node=\"\" data-is-only-node=\"\">Este nuevo episodio de violencia se suma a la ola de hechos delictivos que afectan a Guayaquil, una de las ciudades m\u00e1s golpeadas por el crimen organizado en el pa\u00eds, manteniendo en alerta a la ciudadan\u00eda y a las fuerzas de seguridad.<\/p>\n","protected":false},"excerpt":{"rendered":"<p>Guayaquil.- La ma\u00f1ana de este jueves 5 de febrero se registr\u00f3 un violento ataque armado en el sector de Urdesa Norte, en la ciudad de Guayaquil, que dej\u00f3 como saldo dos hombres asesinados. Las v\u00edctimas se movilizaban en un veh\u00edculo tipo SUV cuando fueron interceptadas y atacadas a balazos por sujetos armados, en un hecho [&hellip;]<\/p>\n","protected":false},"author":17,"featured_media":46976,"comment_status":"open","ping_status":"closed","sticky":false,"template":"","format":"standard","meta":{"_jetpack_memberships_contains_paid_content":false,"footnotes":""},"categories":[13],"tags":[7680],"class_list":["post-46975","post","type-post","status-publish","format-standard","has-post-thumbnail","hentry","category-noticias-nacionales","tag-guayaquil-urdesa-urdesanorte-ecuador-violencia-seguridad-noticias-ultimahora-endesarrollo"],"jetpack_featured_media_url":"https:\/\/radiocresatelital.com\/wp-content\/uploads\/2026\/02\/808x539_cmsv2_ef0972d4-dde8-5228-af54-cf73acc4269a-9423953-1.webp","jetpack_sharing_enabled":true,"_links":{"self":[{"href":"https:\/\/radiocresatelital.com\/index.php?rest_route=\/wp\/v2\/posts\/46975","targetHints":{"allow":["GET"]}}],"collection":[{"href":"https:\/\/radiocresatelital.com\/index.php?rest_route=\/wp\/v2\/posts"}],"about":[{"href":"https:\/\/radiocresatelital.com\/index.php?rest_route=\/wp\/v2\/types\/post"}],"author":[{"embeddable":true,"href":"https:\/\/radiocresatelital.com\/index.php?rest_route=\/wp\/v2\/users\/17"}],"replies":[{"embeddable":true,"href":"https:\/\/radiocresatelital.com\/index.php?rest_route=%2Fwp%2Fv2%2Fcomments&post=46975"}],"version-history":[{"count":1,"href":"https:\/\/radiocresatelital.com\/index.php?rest_route=\/wp\/v2\/posts\/46975\/revisions"}],"predecessor-version":[{"id":46977,"href":"https:\/\/radiocresatelital.com\/index.php?rest_route=\/wp\/v2\/posts\/46975\/revisions\/46977"}],"wp:featuredmedia":[{"embeddable":true,"href":"https:\/\/radiocresatelital.com\/index.php?rest_route=\/wp\/v2\/media\/46976"}],"wp:attachment":[{"href":"https:\/\/radiocresatelital.com\/index.php?rest_route=%2Fwp%2Fv2%2Fmedia&parent=46975"}],"wp:term":[{"taxonomy":"category","embeddable":true,"href":"https:\/\/radiocresatelital.com\/index.php?rest_route=%2Fwp%2Fv2%2Fcategories&post=46975"},{"taxonomy":"post_tag","embeddable":true,"href":"https:\/\/radiocresatelital.com\/index.php?rest_route=%2Fwp%2Fv2%2Ftags&post=46975"}],"curies":[{"name":"wp","href":"https:\/\/api.w.org\/{rel}","templated":true}]}}