{"id":46969,"date":"2026-02-05T14:39:54","date_gmt":"2026-02-05T14:39:54","guid":{"rendered":"https:\/\/radiocresatelital.com\/?p=46969"},"modified":"2026-02-05T14:39:54","modified_gmt":"2026-02-05T14:39:54","slug":"panama-aprueba-la-extradicion-de-leonardo-cortazar-a-ecuador-enfrentara-la-justicia-por-el-caso-encuentro","status":"publish","type":"post","link":"https:\/\/radiocresatelital.com\/?p=46969","title":{"rendered":"Panam\u00e1 aprueba la extradici\u00f3n de Leonardo Cort\u00e1zar a Ecuador; enfrentar\u00e1 la justicia por el caso Encuentro"},"content":{"rendered":"<p class=\"isSelectedEnd\">\u00a0Guayaquil.-El empresario Leonardo H\u00e9ctor Cort\u00e1zar Arcos, investigado por su presunta vinculaci\u00f3n con una red de delincuencia organizada y corrupci\u00f3n en empresas p\u00fablicas del sector el\u00e9ctrico, ser\u00e1 extraditado al pa\u00eds en los pr\u00f3ximos d\u00edas luego de que Panam\u00e1 aprobara el proceso, seg\u00fan inform\u00f3 el ministro del Interior, John Reimberg.<\/p>\n<p class=\"isSelectedEnd\">Cort\u00e1zar fue capturado en marzo de 2025 en territorio paname\u00f1o tras una solicitud emitida por la justicia ecuatoriana y una notificaci\u00f3n roja de Interpol. De acuerdo con el Gobierno, la extradici\u00f3n se logr\u00f3 gracias a la cooperaci\u00f3n internacional y al trabajo coordinado de la Polic\u00eda Nacional. Un equipo ser\u00e1 enviado para concretar los tr\u00e1mites y ejecutar su traslado.<\/p>\n<p class=\"isSelectedEnd\">El empresario figura entre los investigados del denominado caso Encuentro, proceso judicial en el que tambi\u00e9n fue sentenciado por delincuencia organizada Danilo Carrera, cu\u00f1ado del expresidente Guillermo Lasso. Adem\u00e1s, su nombre ha sido relacionado con otros personajes que aparecen en la conocida fotograf\u00eda tomada en Miami junto a Xavier Jord\u00e1n y Ronny Aleaga.<\/p>\n<p>La solicitud de extradici\u00f3n se inici\u00f3 en 2024 y avanz\u00f3 hasta concretarse con la aprobaci\u00f3n paname\u00f1a este 5 de febrero de 2026. Con su retorno al pa\u00eds, las autoridades esperan que Cort\u00e1zar responda ante los tribunales por los se\u00f1alamientos en su contra dentro de esta trama de presunta corrupci\u00f3n.<\/p>\n","protected":false},"excerpt":{"rendered":"<p>\u00a0Guayaquil.-El empresario Leonardo H\u00e9ctor Cort\u00e1zar Arcos, investigado por su presunta vinculaci\u00f3n con una red de delincuencia organizada y corrupci\u00f3n en empresas p\u00fablicas del sector el\u00e9ctrico, ser\u00e1 extraditado al pa\u00eds en los pr\u00f3ximos d\u00edas luego de que Panam\u00e1 aprobara el proceso, seg\u00fan inform\u00f3 el ministro del Interior, John Reimberg. Cort\u00e1zar fue capturado en marzo de 2025 [&hellip;]<\/p>\n","protected":false},"author":17,"featured_media":46970,"comment_status":"open","ping_status":"closed","sticky":false,"template":"","format":"standard","meta":{"_jetpack_memberships_contains_paid_content":false,"footnotes":""},"categories":[13],"tags":[7678],"class_list":["post-46969","post","type-post","status-publish","format-standard","has-post-thumbnail","hentry","category-noticias-nacionales","tag-guayaquil-leonardocortazar-extradicion-casoencuentro-panama"],"jetpack_featured_media_url":"https:\/\/radiocresatelital.com\/wp-content\/uploads\/2026\/02\/695d38f7366b9-9.jpeg","jetpack_sharing_enabled":true,"_links":{"self":[{"href":"https:\/\/radiocresatelital.com\/index.php?rest_route=\/wp\/v2\/posts\/46969","targetHints":{"allow":["GET"]}}],"collection":[{"href":"https:\/\/radiocresatelital.com\/index.php?rest_route=\/wp\/v2\/posts"}],"about":[{"href":"https:\/\/radiocresatelital.com\/index.php?rest_route=\/wp\/v2\/types\/post"}],"author":[{"embeddable":true,"href":"https:\/\/radiocresatelital.com\/index.php?rest_route=\/wp\/v2\/users\/17"}],"replies":[{"embeddable":true,"href":"https:\/\/radiocresatelital.com\/index.php?rest_route=%2Fwp%2Fv2%2Fcomments&post=46969"}],"version-history":[{"count":1,"href":"https:\/\/radiocresatelital.com\/index.php?rest_route=\/wp\/v2\/posts\/46969\/revisions"}],"predecessor-version":[{"id":46971,"href":"https:\/\/radiocresatelital.com\/index.php?rest_route=\/wp\/v2\/posts\/46969\/revisions\/46971"}],"wp:featuredmedia":[{"embeddable":true,"href":"https:\/\/radiocresatelital.com\/index.php?rest_route=\/wp\/v2\/media\/46970"}],"wp:attachment":[{"href":"https:\/\/radiocresatelital.com\/index.php?rest_route=%2Fwp%2Fv2%2Fmedia&parent=46969"}],"wp:term":[{"taxonomy":"category","embeddable":true,"href":"https:\/\/radiocresatelital.com\/index.php?rest_route=%2Fwp%2Fv2%2Fcategories&post=46969"},{"taxonomy":"post_tag","embeddable":true,"href":"https:\/\/radiocresatelital.com\/index.php?rest_route=%2Fwp%2Fv2%2Ftags&post=46969"}],"curies":[{"name":"wp","href":"https:\/\/api.w.org\/{rel}","templated":true}]}}