{"id":46875,"date":"2026-02-04T16:53:18","date_gmt":"2026-02-04T16:53:18","guid":{"rendered":"https:\/\/radiocresatelital.com\/?p=46875"},"modified":"2026-02-04T16:57:12","modified_gmt":"2026-02-04T16:57:12","slug":"46875","status":"publish","type":"post","link":"https:\/\/radiocresatelital.com\/?p=46875","title":{"rendered":"Daniel Noboa fortalece relaciones internacionales en di\u00e1logo presidencial en Emiratos \u00c1rabes Unidos"},"content":{"rendered":"<p data-start=\"159\" data-end=\"431\">Dub\u00e1i.- El presidente de Ecuador, Daniel Noboa, contin\u00faa con su agenda oficial en Emiratos \u00c1rabes Unidos, donde este 4 de febrero particip\u00f3 en un di\u00e1logo presidencial de alto nivel en la ciudad de Dub\u00e1i, en el marco de un foro internacional sobre inversiones y cooperaci\u00f3n global.<\/p>\n<p data-start=\"433\" data-end=\"938\">El mandatario intervino en el evento titulado <em data-start=\"479\" data-end=\"533\">\u201cEl pr\u00f3ximo cap\u00edtulo de Am\u00e9rica Latina: \u00bfQu\u00e9 sigue?\u201d<\/em>, un espacio que reuni\u00f3 a l\u00edderes pol\u00edticos y econ\u00f3micos de la regi\u00f3n para analizar los desaf\u00edos, oportunidades y perspectivas de Am\u00e9rica Latina en el nuevo escenario internacional. Durante su intervenci\u00f3n, Noboa destac\u00f3 la necesidad de fortalecer el desarrollo econ\u00f3mico, impulsar la cooperaci\u00f3n regional y consolidar alianzas estrat\u00e9gicas entre Am\u00e9rica Latina, Emiratos \u00c1rabes Unidos y la Uni\u00f3n Europea.<\/p>\n<p data-start=\"940\" data-end=\"1391\">Como parte de esta agenda, el presidente ecuatoriano sostuvo reuniones bilaterales con sus hom\u00f3logos de Rep\u00fablica Dominicana y Estonia. En el encuentro con el presidente dominicano, Luis Abinader, ambos jefes de Estado coincidieron en la importancia de promover el intercambio comercial, el encadenamiento productivo, la atracci\u00f3n de inversiones y la reactivaci\u00f3n econ\u00f3mica, con el objetivo de generar empleo y mejorar la competitividad de sus pa\u00edses.<\/p>\n<p data-start=\"1393\" data-end=\"1773\">Asimismo, Noboa se reuni\u00f3 con el presidente de Estonia, Alar Karis, con quien dialog\u00f3 sobre cooperaci\u00f3n t\u00e9cnica en \u00e1reas estrat\u00e9gicas y la relevancia de mantener una relaci\u00f3n s\u00f3lida con la Uni\u00f3n Europea. Durante este encuentro, el mandatario ecuatoriano subray\u00f3 la necesidad de sostener un di\u00e1logo permanente en temas clave como inversi\u00f3n, comercio y lucha contra el narcotr\u00e1fico.<\/p>\n<p data-start=\"1775\" data-end=\"2147\">La visita presidencial de Daniel Noboa a Emiratos \u00c1rabes Unidos se desarrolla entre el 1 y el 5 de febrero y contempla su participaci\u00f3n en la Cumbre Mundial de Gobiernos, as\u00ed como reuniones con l\u00edderes internacionales y actores estrat\u00e9gicos, en un esfuerzo por posicionar a Ecuador como un destino atractivo para la inversi\u00f3n y fortalecer su presencia en la agenda global.<\/p>\n<p data-start=\"1775\" data-end=\"2147\"><img loading=\"lazy\" decoding=\"async\" class=\"alignnone wp-image-46877\" src=\"https:\/\/radiocresatelital.com\/wp-content\/uploads\/2026\/02\/568437186_1136814045321529_2937016269055006012_n-300x200.jpg\" alt=\"\" width=\"456\" height=\"304\" srcset=\"https:\/\/radiocresatelital.com\/wp-content\/uploads\/2026\/02\/568437186_1136814045321529_2937016269055006012_n-300x200.jpg 300w, https:\/\/radiocresatelital.com\/wp-content\/uploads\/2026\/02\/568437186_1136814045321529_2937016269055006012_n-1024x683.jpg 1024w, https:\/\/radiocresatelital.com\/wp-content\/uploads\/2026\/02\/568437186_1136814045321529_2937016269055006012_n-768x512.jpg 768w, https:\/\/radiocresatelital.com\/wp-content\/uploads\/2026\/02\/568437186_1136814045321529_2937016269055006012_n-1536x1024.jpg 1536w, https:\/\/radiocresatelital.com\/wp-content\/uploads\/2026\/02\/568437186_1136814045321529_2937016269055006012_n-2048x1366.jpg 2048w\" sizes=\"auto, (max-width: 456px) 100vw, 456px\" \/><img loading=\"lazy\" decoding=\"async\" class=\" wp-image-46878 alignleft\" src=\"https:\/\/radiocresatelital.com\/wp-content\/uploads\/2026\/02\/568437186_1136814045321529_2937016269055006012_n-1-300x216.jpg\" alt=\"\" width=\"411\" height=\"296\" srcset=\"https:\/\/radiocresatelital.com\/wp-content\/uploads\/2026\/02\/568437186_1136814045321529_2937016269055006012_n-1-300x216.jpg 300w, https:\/\/radiocresatelital.com\/wp-content\/uploads\/2026\/02\/568437186_1136814045321529_2937016269055006012_n-1-1024x737.jpg 1024w, https:\/\/radiocresatelital.com\/wp-content\/uploads\/2026\/02\/568437186_1136814045321529_2937016269055006012_n-1-768x553.jpg 768w, https:\/\/radiocresatelital.com\/wp-content\/uploads\/2026\/02\/568437186_1136814045321529_2937016269055006012_n-1-1536x1106.jpg 1536w, https:\/\/radiocresatelital.com\/wp-content\/uploads\/2026\/02\/568437186_1136814045321529_2937016269055006012_n-1.jpg 2048w\" sizes=\"auto, (max-width: 411px) 100vw, 411px\" \/><\/p>\n","protected":false},"excerpt":{"rendered":"<p>Dub\u00e1i.- El presidente de Ecuador, Daniel Noboa, contin\u00faa con su agenda oficial en Emiratos \u00c1rabes Unidos, donde este 4 de febrero particip\u00f3 en un di\u00e1logo presidencial de alto nivel en la ciudad de Dub\u00e1i, en el marco de un foro internacional sobre inversiones y cooperaci\u00f3n global. El mandatario intervino en el evento titulado \u201cEl pr\u00f3ximo [&hellip;]<\/p>\n","protected":false},"author":17,"featured_media":46876,"comment_status":"open","ping_status":"closed","sticky":false,"template":"","format":"standard","meta":{"_jetpack_memberships_contains_paid_content":false,"footnotes":""},"categories":[11],"tags":[7657],"class_list":["post-46875","post","type-post","status-publish","format-standard","has-post-thumbnail","hentry","category-noticias-internacionales","tag-dubai-emiratosarabesunidos-danielnoboa-ecuador-diplomacia"],"jetpack_featured_media_url":"https:\/\/radiocresatelital.com\/wp-content\/uploads\/2026\/02\/695d38f7366b9-7.jpeg","jetpack_sharing_enabled":true,"_links":{"self":[{"href":"https:\/\/radiocresatelital.com\/index.php?rest_route=\/wp\/v2\/posts\/46875","targetHints":{"allow":["GET"]}}],"collection":[{"href":"https:\/\/radiocresatelital.com\/index.php?rest_route=\/wp\/v2\/posts"}],"about":[{"href":"https:\/\/radiocresatelital.com\/index.php?rest_route=\/wp\/v2\/types\/post"}],"author":[{"embeddable":true,"href":"https:\/\/radiocresatelital.com\/index.php?rest_route=\/wp\/v2\/users\/17"}],"replies":[{"embeddable":true,"href":"https:\/\/radiocresatelital.com\/index.php?rest_route=%2Fwp%2Fv2%2Fcomments&post=46875"}],"version-history":[{"count":4,"href":"https:\/\/radiocresatelital.com\/index.php?rest_route=\/wp\/v2\/posts\/46875\/revisions"}],"predecessor-version":[{"id":46882,"href":"https:\/\/radiocresatelital.com\/index.php?rest_route=\/wp\/v2\/posts\/46875\/revisions\/46882"}],"wp:featuredmedia":[{"embeddable":true,"href":"https:\/\/radiocresatelital.com\/index.php?rest_route=\/wp\/v2\/media\/46876"}],"wp:attachment":[{"href":"https:\/\/radiocresatelital.com\/index.php?rest_route=%2Fwp%2Fv2%2Fmedia&parent=46875"}],"wp:term":[{"taxonomy":"category","embeddable":true,"href":"https:\/\/radiocresatelital.com\/index.php?rest_route=%2Fwp%2Fv2%2Fcategories&post=46875"},{"taxonomy":"post_tag","embeddable":true,"href":"https:\/\/radiocresatelital.com\/index.php?rest_route=%2Fwp%2Fv2%2Ftags&post=46875"}],"curies":[{"name":"wp","href":"https:\/\/api.w.org\/{rel}","templated":true}]}}