{"id":46866,"date":"2026-02-04T16:11:59","date_gmt":"2026-02-04T16:11:59","guid":{"rendered":"https:\/\/radiocresatelital.com\/?p=46866"},"modified":"2026-02-04T16:11:59","modified_gmt":"2026-02-04T16:11:59","slug":"trump-ordena-retirar-700-agentes-migratorios-de-mineapolis-tras-semanas-de-tension","status":"publish","type":"post","link":"https:\/\/radiocresatelital.com\/?p=46866","title":{"rendered":"Trump ordena retirar 700 agentes migratorios de Mine\u00e1polis tras semanas de tensi\u00f3n"},"content":{"rendered":"<p data-start=\"219\" data-end=\"518\">Minneapolis.- El denominado \u201czar de la frontera\u201d del presidente Donald Trump, Tom Homan, anunci\u00f3 el retiro inmediato de 700 agentes federales de migraci\u00f3n desplegados en Mine\u00e1polis, tras semanas de tensi\u00f3n marcadas por protestas y la muerte de dos manifestantes durante operativos migratorios.<\/p>\n<p data-start=\"520\" data-end=\"827\">Seg\u00fan Homan, la decisi\u00f3n se debe a una mejor cooperaci\u00f3n con las autoridades locales, lo que ha reducido la necesidad de mantener una fuerte presencia federal en la ciudad, ubicada en el estado de Minnesota. El funcionario no precis\u00f3 si la retirada aplica \u00fanicamente a Mine\u00e1polis o a todo el estado.<\/p>\n<p data-start=\"829\" data-end=\"1227\">En las \u00faltimas semanas, agentes del ICE y otras fuerzas federales intensificaron las redadas contra migrantes indocumentados, como parte de la pol\u00edtica migratoria impulsada por Trump en su segundo mandato. Homan asegur\u00f3 que los operativos han dejado avances significativos, con decenas de detenidos por delitos graves, entre ellos agresiones, delitos sexuales y pertenencia a pandillas.<\/p>\n<p data-start=\"1229\" data-end=\"1560\">Las acciones federales generaron masivas protestas y cuestionamientos por el uso de la fuerza, lo que deriv\u00f3 en un escenario de alta tensi\u00f3n social. El retiro parcial de los agentes ocurre en medio del debate nacional sobre el control migratorio y el rol de las fuerzas federales en ciudades gobernadas por autoridades locales.<\/p>\n","protected":false},"excerpt":{"rendered":"<p>Minneapolis.- El denominado \u201czar de la frontera\u201d del presidente Donald Trump, Tom Homan, anunci\u00f3 el retiro inmediato de 700 agentes federales de migraci\u00f3n desplegados en Mine\u00e1polis, tras semanas de tensi\u00f3n marcadas por protestas y la muerte de dos manifestantes durante operativos migratorios. Seg\u00fan Homan, la decisi\u00f3n se debe a una mejor cooperaci\u00f3n con las autoridades [&hellip;]<\/p>\n","protected":false},"author":17,"featured_media":46867,"comment_status":"open","ping_status":"closed","sticky":false,"template":"","format":"standard","meta":{"_jetpack_memberships_contains_paid_content":false,"footnotes":""},"categories":[11],"tags":[],"class_list":["post-46866","post","type-post","status-publish","format-standard","has-post-thumbnail","hentry","category-noticias-internacionales"],"jetpack_featured_media_url":"https:\/\/radiocresatelital.com\/wp-content\/uploads\/2026\/02\/695d38f7366b9-4.jpeg","jetpack_sharing_enabled":true,"_links":{"self":[{"href":"https:\/\/radiocresatelital.com\/index.php?rest_route=\/wp\/v2\/posts\/46866","targetHints":{"allow":["GET"]}}],"collection":[{"href":"https:\/\/radiocresatelital.com\/index.php?rest_route=\/wp\/v2\/posts"}],"about":[{"href":"https:\/\/radiocresatelital.com\/index.php?rest_route=\/wp\/v2\/types\/post"}],"author":[{"embeddable":true,"href":"https:\/\/radiocresatelital.com\/index.php?rest_route=\/wp\/v2\/users\/17"}],"replies":[{"embeddable":true,"href":"https:\/\/radiocresatelital.com\/index.php?rest_route=%2Fwp%2Fv2%2Fcomments&post=46866"}],"version-history":[{"count":1,"href":"https:\/\/radiocresatelital.com\/index.php?rest_route=\/wp\/v2\/posts\/46866\/revisions"}],"predecessor-version":[{"id":46868,"href":"https:\/\/radiocresatelital.com\/index.php?rest_route=\/wp\/v2\/posts\/46866\/revisions\/46868"}],"wp:featuredmedia":[{"embeddable":true,"href":"https:\/\/radiocresatelital.com\/index.php?rest_route=\/wp\/v2\/media\/46867"}],"wp:attachment":[{"href":"https:\/\/radiocresatelital.com\/index.php?rest_route=%2Fwp%2Fv2%2Fmedia&parent=46866"}],"wp:term":[{"taxonomy":"category","embeddable":true,"href":"https:\/\/radiocresatelital.com\/index.php?rest_route=%2Fwp%2Fv2%2Fcategories&post=46866"},{"taxonomy":"post_tag","embeddable":true,"href":"https:\/\/radiocresatelital.com\/index.php?rest_route=%2Fwp%2Fv2%2Ftags&post=46866"}],"curies":[{"name":"wp","href":"https:\/\/api.w.org\/{rel}","templated":true}]}}