{"id":46837,"date":"2026-02-03T21:26:24","date_gmt":"2026-02-03T21:26:24","guid":{"rendered":"https:\/\/radiocresatelital.com\/?p=46837"},"modified":"2026-02-03T23:26:39","modified_gmt":"2026-02-03T23:26:39","slug":"comision-de-seguridad-suma-nuevos-aportes-al-proyecto-de-ley-sobre-apoyo-complementario-de-las-ff-aa-a-la-policia-nacional","status":"publish","type":"post","link":"https:\/\/radiocresatelital.com\/?p=46837","title":{"rendered":"Comisi\u00f3n de Seguridad suma nuevos aportes al proyecto de ley sobre apoyo complementario de las FF.AA. a la Polic\u00eda Nacional"},"content":{"rendered":"<p>Quito.- La Comisi\u00f3n de Soberan\u00eda, Integraci\u00f3n y Seguridad Integral, en el marco de la elaboraci\u00f3n del informe para segundo debate del Proyecto de Ley Org\u00e1nica que Regula el Apoyo Complementario y Subsidiario de las Fuerzas Armadas a la Polic\u00eda Nacional, recibi\u00f3 a Fernando Bastidas Robayo, abogado constitucionalista y coordinador del Comit\u00e9 Permanente por la Defensa de los Derechos Humanos (CDH).<\/p>\n<p>Durante la sesi\u00f3n N\u00ba 062, la presidenta de la Comisi\u00f3n, In\u00e9s Alarc\u00f3n, reiter\u00f3 que la complementariedad entre las Fuerzas Armadas y la Polic\u00eda Nacional responde a la voluntad popular expresada por los ecuatorianos en las urnas. Aclar\u00f3 que esta actuaci\u00f3n no constituye una militarizaci\u00f3n, sino una intervenci\u00f3n excepcional, temporal y delimitada por la ley, aplicable en escenarios espec\u00edficos como la miner\u00eda ilegal, la extorsi\u00f3n, el terrorismo y el narcotr\u00e1fico.<\/p>\n<p>Asimismo, enfatiz\u00f3 que la reforma al art\u00edculo 158 de la Constituci\u00f3n define con claridad los escenarios de intervenci\u00f3n, evitando confusiones respecto al rol de la Polic\u00eda Nacional en el mantenimiento del orden interno.<\/p>\n<p>Por su parte, Fernando Bastidas present\u00f3 aportes al proyecto de ley. Como CDH inst\u00f3 a la Asamblea Nacional a incorporar reformas en concordancia con los est\u00e1ndares internacionales de la Corte Interamericana de Derechos Humanos (Corte IDH).<\/p>\n","protected":false},"excerpt":{"rendered":"<p>Quito.- La Comisi\u00f3n de Soberan\u00eda, Integraci\u00f3n y Seguridad Integral, en el marco de la elaboraci\u00f3n del informe para segundo debate del Proyecto de Ley Org\u00e1nica que Regula el Apoyo Complementario y Subsidiario de las Fuerzas Armadas a la Polic\u00eda Nacional, recibi\u00f3 a Fernando Bastidas Robayo, abogado constitucionalista y coordinador del Comit\u00e9 Permanente por la Defensa [&hellip;]<\/p>\n","protected":false},"author":2,"featured_media":46838,"comment_status":"open","ping_status":"closed","sticky":false,"template":"","format":"standard","meta":{"_jetpack_memberships_contains_paid_content":false,"footnotes":""},"categories":[13],"tags":[7495,7649],"class_list":["post-46837","post","type-post","status-publish","format-standard","has-post-thumbnail","hentry","category-noticias-nacionales","tag-comision-de-soberania","tag-proyecto-de-ley-organica-que-regula-el-apoyo-complementario-y-subsidiario-de-las-fuerzas-armadas-a-la-policia-nacional"],"jetpack_featured_media_url":"https:\/\/radiocresatelital.com\/wp-content\/uploads\/2026\/02\/whatsapp_image_2026-02-03_at_5.46.51_pm.jpeg","jetpack_sharing_enabled":true,"_links":{"self":[{"href":"https:\/\/radiocresatelital.com\/index.php?rest_route=\/wp\/v2\/posts\/46837","targetHints":{"allow":["GET"]}}],"collection":[{"href":"https:\/\/radiocresatelital.com\/index.php?rest_route=\/wp\/v2\/posts"}],"about":[{"href":"https:\/\/radiocresatelital.com\/index.php?rest_route=\/wp\/v2\/types\/post"}],"author":[{"embeddable":true,"href":"https:\/\/radiocresatelital.com\/index.php?rest_route=\/wp\/v2\/users\/2"}],"replies":[{"embeddable":true,"href":"https:\/\/radiocresatelital.com\/index.php?rest_route=%2Fwp%2Fv2%2Fcomments&post=46837"}],"version-history":[{"count":1,"href":"https:\/\/radiocresatelital.com\/index.php?rest_route=\/wp\/v2\/posts\/46837\/revisions"}],"predecessor-version":[{"id":46839,"href":"https:\/\/radiocresatelital.com\/index.php?rest_route=\/wp\/v2\/posts\/46837\/revisions\/46839"}],"wp:featuredmedia":[{"embeddable":true,"href":"https:\/\/radiocresatelital.com\/index.php?rest_route=\/wp\/v2\/media\/46838"}],"wp:attachment":[{"href":"https:\/\/radiocresatelital.com\/index.php?rest_route=%2Fwp%2Fv2%2Fmedia&parent=46837"}],"wp:term":[{"taxonomy":"category","embeddable":true,"href":"https:\/\/radiocresatelital.com\/index.php?rest_route=%2Fwp%2Fv2%2Fcategories&post=46837"},{"taxonomy":"post_tag","embeddable":true,"href":"https:\/\/radiocresatelital.com\/index.php?rest_route=%2Fwp%2Fv2%2Ftags&post=46837"}],"curies":[{"name":"wp","href":"https:\/\/api.w.org\/{rel}","templated":true}]}}