{"id":4680,"date":"2023-09-21T23:32:27","date_gmt":"2023-09-21T23:32:27","guid":{"rendered":"https:\/\/radiocresatelital.com\/?p=4680"},"modified":"2023-09-21T23:32:27","modified_gmt":"2023-09-21T23:32:27","slug":"presidentes-de-ecuador-y-corea-del-sur-agilitan-la-firma-del-acuerdo-comercial","status":"publish","type":"post","link":"https:\/\/radiocresatelital.com\/?p=4680","title":{"rendered":"Presidentes de Ecuador y Corea del Sur agilitan la firma del acuerdo comercial"},"content":{"rendered":"<p>Nueva York, Estados Unidos. El Presidente de la Rep\u00fablica, Guillermo Lasso, mantuvo una reuni\u00f3n bilateral con el mandatario de Corea del Sur, Yoon Suk-Yeol.<\/p>\n<p>En el encuentro, efectuado en la ciudad de Nueva York, ambos l\u00edderes hablaron principalmente de la suscripci\u00f3n del acuerdo de cooperaci\u00f3n econ\u00f3mica SECA y del acuerdo en materia penal y de seguridad que traer\u00e1n significativos beneficios al pa\u00eds.<\/p>\n<p>El Jefe de Estado ecuatoriano inform\u00f3 que recibi\u00f3 la invitaci\u00f3n del Presidente de Corea del Sur para visitar Se\u00fal la segunda semana de octubre y firmar el documento. Corea est\u00e1 muy interesado en cerrar en octubre este proceso y empezar una nueva etapa comercial con Ecuador.<\/p>\n<p>Corea es un socio prioritario en materia de conservaci\u00f3n ambiental con el que Ecuador procura tener mayores espacios de cooperaci\u00f3n para el desarrollo sostenible.<\/p>\n<p>As\u00ed, el pa\u00eds contin\u00faa con su pol\u00edtica de \u201cM\u00e1s Ecuador en el mundo y m\u00e1s mundo en el Ecuador\u201d.<\/p>\n","protected":false},"excerpt":{"rendered":"<p>Nueva York, Estados Unidos. El Presidente de la Rep\u00fablica, Guillermo Lasso, mantuvo una reuni\u00f3n bilateral con el mandatario de Corea del Sur, Yoon Suk-Yeol. En el encuentro, efectuado en la ciudad de Nueva York, ambos l\u00edderes hablaron principalmente de la suscripci\u00f3n del acuerdo de cooperaci\u00f3n econ\u00f3mica SECA y del acuerdo en materia penal y de [&hellip;]<\/p>\n","protected":false},"author":2,"featured_media":4681,"comment_status":"open","ping_status":"closed","sticky":false,"template":"","format":"standard","meta":{"_jetpack_memberships_contains_paid_content":false,"footnotes":""},"categories":[13],"tags":[338],"class_list":["post-4680","post","type-post","status-publish","format-standard","has-post-thumbnail","hentry","category-noticias-nacionales","tag-presidente-de-la-republica"],"jetpack_featured_media_url":"https:\/\/radiocresatelital.com\/wp-content\/uploads\/2023\/09\/53203736046_9f2a31a134_c.jpg","jetpack_sharing_enabled":true,"_links":{"self":[{"href":"https:\/\/radiocresatelital.com\/index.php?rest_route=\/wp\/v2\/posts\/4680","targetHints":{"allow":["GET"]}}],"collection":[{"href":"https:\/\/radiocresatelital.com\/index.php?rest_route=\/wp\/v2\/posts"}],"about":[{"href":"https:\/\/radiocresatelital.com\/index.php?rest_route=\/wp\/v2\/types\/post"}],"author":[{"embeddable":true,"href":"https:\/\/radiocresatelital.com\/index.php?rest_route=\/wp\/v2\/users\/2"}],"replies":[{"embeddable":true,"href":"https:\/\/radiocresatelital.com\/index.php?rest_route=%2Fwp%2Fv2%2Fcomments&post=4680"}],"version-history":[{"count":1,"href":"https:\/\/radiocresatelital.com\/index.php?rest_route=\/wp\/v2\/posts\/4680\/revisions"}],"predecessor-version":[{"id":4682,"href":"https:\/\/radiocresatelital.com\/index.php?rest_route=\/wp\/v2\/posts\/4680\/revisions\/4682"}],"wp:featuredmedia":[{"embeddable":true,"href":"https:\/\/radiocresatelital.com\/index.php?rest_route=\/wp\/v2\/media\/4681"}],"wp:attachment":[{"href":"https:\/\/radiocresatelital.com\/index.php?rest_route=%2Fwp%2Fv2%2Fmedia&parent=4680"}],"wp:term":[{"taxonomy":"category","embeddable":true,"href":"https:\/\/radiocresatelital.com\/index.php?rest_route=%2Fwp%2Fv2%2Fcategories&post=4680"},{"taxonomy":"post_tag","embeddable":true,"href":"https:\/\/radiocresatelital.com\/index.php?rest_route=%2Fwp%2Fv2%2Ftags&post=4680"}],"curies":[{"name":"wp","href":"https:\/\/api.w.org\/{rel}","templated":true}]}}