{"id":46782,"date":"2026-02-03T19:50:55","date_gmt":"2026-02-03T19:50:55","guid":{"rendered":"https:\/\/radiocresatelital.com\/?p=46782"},"modified":"2026-02-03T19:50:55","modified_gmt":"2026-02-03T19:50:55","slug":"brasil-sera-sede-la-primera-copa-mundial-de-leyendas","status":"publish","type":"post","link":"https:\/\/radiocresatelital.com\/?p=46782","title":{"rendered":"Brasil ser\u00e1 sede la primera Copa Mundial de Leyendas"},"content":{"rendered":"<p>R\u00edo de Janeiro.- Brasil ser\u00e1 quien albergue la primera Copa Mundial de Leyendas, un torneo internacional que tendr\u00e1 de regreso a grandes \u00edconos de la historia del f\u00fatbol de todo el planeta.<\/p>\n<p>La competici\u00f3n, que fue presentada con una rueda de prensa, comenzar\u00e1 en R\u00edo de Janeiro y ver\u00e1 a los ex campeones regresar para representar oficialmente a las selecciones de sus pa\u00edses en un nuevo formato dise\u00f1ado para celebrar el legado deportivo mundial y promover iniciativas con impacto social.<\/p>\n<p>Italia ser\u00e1 uno de los pilares de un evento que aspira a convertirse en un evento itinerante global con la presencia de, entre otros, Paolo Maldini, Gianluigi Buffon, Fabio Cannavaro y Marco Materazzi.<\/p>\n<p>Buffon, actual responsable de la delegaci\u00f3n \u00abazzurra\u00bb, tambi\u00e9n ser\u00e1 el capit\u00e1n del equipo, trayendo al campo a uno de los s\u00edmbolos m\u00e1s reconocibles del f\u00fatbol italiano de las \u00faltimas d\u00e9cadas.<\/p>\n<p>La Copa Mundial de Leyendas se cre\u00f3 como una plataforma deportiva internacional con el objetivo de combinar entretenimiento, legado futbol\u00edstico y compromiso social.<\/p>\n<p>Participar\u00e1n las selecciones de Argentina, Brasil, Italia, Francia, Espa\u00f1a, Pa\u00edses Bajos, Nigeria y Arabia Saudita con un total de m\u00e1s de 170 exjugadores que han influido en generaciones enteras.<\/p>\n<p>Otras estrellas confirmadas son los brasile\u00f1os Kak\u00e1, Rom\u00e1rio, Bebeto y Roberto Carlos; el franc\u00e9s Thierry Henry; el espa\u00f1ol Iker Casillas; el argentino Javier Zanetti; y los neerlandeses Edwin van der Sar y Clarence Seedorf, socio y embajador del proyecto.<\/p>\n<p>El torneo constar\u00e1 de partidos jugados por 11 futbolistas con una duraci\u00f3n de 60 minutos en el Estadio Nilton Santos, mientras que la final y la ceremonia de clausura se celebrar\u00e1n en el m\u00edtico Maracan\u00e1.<\/p>\n","protected":false},"excerpt":{"rendered":"<p>R\u00edo de Janeiro.- Brasil ser\u00e1 quien albergue la primera Copa Mundial de Leyendas, un torneo internacional que tendr\u00e1 de regreso a grandes \u00edconos de la historia del f\u00fatbol de todo el planeta. La competici\u00f3n, que fue presentada con una rueda de prensa, comenzar\u00e1 en R\u00edo de Janeiro y ver\u00e1 a los ex campeones regresar para [&hellip;]<\/p>\n","protected":false},"author":2,"featured_media":46786,"comment_status":"open","ping_status":"closed","sticky":false,"template":"","format":"standard","meta":{"_jetpack_memberships_contains_paid_content":false,"footnotes":""},"categories":[9],"tags":[7642],"class_list":["post-46782","post","type-post","status-publish","format-standard","has-post-thumbnail","hentry","category-deportes","tag-primera-copa-mundial-de-leyendas"],"jetpack_featured_media_url":"https:\/\/radiocresatelital.com\/wp-content\/uploads\/2026\/02\/cd673107644dd107f0cf8d9872e643a3.webp","jetpack_sharing_enabled":true,"_links":{"self":[{"href":"https:\/\/radiocresatelital.com\/index.php?rest_route=\/wp\/v2\/posts\/46782","targetHints":{"allow":["GET"]}}],"collection":[{"href":"https:\/\/radiocresatelital.com\/index.php?rest_route=\/wp\/v2\/posts"}],"about":[{"href":"https:\/\/radiocresatelital.com\/index.php?rest_route=\/wp\/v2\/types\/post"}],"author":[{"embeddable":true,"href":"https:\/\/radiocresatelital.com\/index.php?rest_route=\/wp\/v2\/users\/2"}],"replies":[{"embeddable":true,"href":"https:\/\/radiocresatelital.com\/index.php?rest_route=%2Fwp%2Fv2%2Fcomments&post=46782"}],"version-history":[{"count":1,"href":"https:\/\/radiocresatelital.com\/index.php?rest_route=\/wp\/v2\/posts\/46782\/revisions"}],"predecessor-version":[{"id":46787,"href":"https:\/\/radiocresatelital.com\/index.php?rest_route=\/wp\/v2\/posts\/46782\/revisions\/46787"}],"wp:featuredmedia":[{"embeddable":true,"href":"https:\/\/radiocresatelital.com\/index.php?rest_route=\/wp\/v2\/media\/46786"}],"wp:attachment":[{"href":"https:\/\/radiocresatelital.com\/index.php?rest_route=%2Fwp%2Fv2%2Fmedia&parent=46782"}],"wp:term":[{"taxonomy":"category","embeddable":true,"href":"https:\/\/radiocresatelital.com\/index.php?rest_route=%2Fwp%2Fv2%2Fcategories&post=46782"},{"taxonomy":"post_tag","embeddable":true,"href":"https:\/\/radiocresatelital.com\/index.php?rest_route=%2Fwp%2Fv2%2Ftags&post=46782"}],"curies":[{"name":"wp","href":"https:\/\/api.w.org\/{rel}","templated":true}]}}