{"id":46779,"date":"2026-02-03T19:17:44","date_gmt":"2026-02-03T19:17:44","guid":{"rendered":"https:\/\/radiocresatelital.com\/?p=46779"},"modified":"2026-02-03T19:17:44","modified_gmt":"2026-02-03T19:17:44","slug":"williams-presento-en-sociedad-su-nuevo-modelo-fw48","status":"publish","type":"post","link":"https:\/\/radiocresatelital.com\/?p=46779","title":{"rendered":"Williams present\u00f3 en sociedad su nuevo modelo FW48"},"content":{"rendered":"<p>Galicia.- La escuder\u00eda Williams ha presentado a sociedad el modelo FW48 que ser\u00e1 utilizado por el espa\u00f1ol Carlos S\u00e1inz y el tailand\u00e9s Alexander Albon para la Temporada de F\u00f3rmula Uno 2026, que ofrecer\u00e1 una temporada con revoluci\u00f3n t\u00e9cnica y regulatoria.<\/p>\n<p>Williams fue la \u00fanica escuder\u00eda que no pudo presentarse en los ensayos de pretemporada realizados en el circuito catal\u00e1n de Montmel\u00f3 por los problemas de dise\u00f1o de su monoposto para el Mundial 2026.<\/p>\n<p>El auto presentado online no es el que se ver\u00e1 en el Gran Premio de Australia previsto el domingo 8 de marzo, pues habr\u00e1 que esperar las respuestas del FW48 en los ensayos de la pr\u00f3xima semana en Bhar\u00e9in.<\/p>\n<p>\u00abLa decoraci\u00f3n del FW48 es una aut\u00e9ntica declaraci\u00f3n de intenciones\u00bb, declar\u00f3 Sainz, quien afrontar\u00e1 su segunda temporada en Williams, mientras que Albon protagonizar\u00e1 su quinto a\u00f1o en el equipo ingl\u00e9s.<\/p>\n<p>\u00abSu dise\u00f1o celebra la historia de Williams a la vez que adopta una imagen fresca y din\u00e1mica para la nueva era.<\/p>\n<p>Estoy encantado de competir con esta decoraci\u00f3n y compartir la emoci\u00f3n con los aficionados de todo el mundo: su apoyo marca la diferencia en nuestra trayectoria juntos\u00bb, complet\u00f3 S\u00e1inz sobre el FW48, que se caracteriza por un vibrante azul brillante con una secci\u00f3n negra.<\/p>\n","protected":false},"excerpt":{"rendered":"<p>Galicia.- La escuder\u00eda Williams ha presentado a sociedad el modelo FW48 que ser\u00e1 utilizado por el espa\u00f1ol Carlos S\u00e1inz y el tailand\u00e9s Alexander Albon para la Temporada de F\u00f3rmula Uno 2026, que ofrecer\u00e1 una temporada con revoluci\u00f3n t\u00e9cnica y regulatoria. Williams fue la \u00fanica escuder\u00eda que no pudo presentarse en los ensayos de pretemporada realizados [&hellip;]<\/p>\n","protected":false},"author":2,"featured_media":46780,"comment_status":"open","ping_status":"closed","sticky":false,"template":"","format":"standard","meta":{"_jetpack_memberships_contains_paid_content":false,"footnotes":""},"categories":[9,20],"tags":[3807],"class_list":["post-46779","post","type-post","status-publish","format-standard","has-post-thumbnail","hentry","category-deportes","category-formula-uno","tag-escuderia-williams"],"jetpack_featured_media_url":"https:\/\/radiocresatelital.com\/wp-content\/uploads\/2026\/02\/williams-sainz-635x358-1.webp","jetpack_sharing_enabled":true,"_links":{"self":[{"href":"https:\/\/radiocresatelital.com\/index.php?rest_route=\/wp\/v2\/posts\/46779","targetHints":{"allow":["GET"]}}],"collection":[{"href":"https:\/\/radiocresatelital.com\/index.php?rest_route=\/wp\/v2\/posts"}],"about":[{"href":"https:\/\/radiocresatelital.com\/index.php?rest_route=\/wp\/v2\/types\/post"}],"author":[{"embeddable":true,"href":"https:\/\/radiocresatelital.com\/index.php?rest_route=\/wp\/v2\/users\/2"}],"replies":[{"embeddable":true,"href":"https:\/\/radiocresatelital.com\/index.php?rest_route=%2Fwp%2Fv2%2Fcomments&post=46779"}],"version-history":[{"count":1,"href":"https:\/\/radiocresatelital.com\/index.php?rest_route=\/wp\/v2\/posts\/46779\/revisions"}],"predecessor-version":[{"id":46781,"href":"https:\/\/radiocresatelital.com\/index.php?rest_route=\/wp\/v2\/posts\/46779\/revisions\/46781"}],"wp:featuredmedia":[{"embeddable":true,"href":"https:\/\/radiocresatelital.com\/index.php?rest_route=\/wp\/v2\/media\/46780"}],"wp:attachment":[{"href":"https:\/\/radiocresatelital.com\/index.php?rest_route=%2Fwp%2Fv2%2Fmedia&parent=46779"}],"wp:term":[{"taxonomy":"category","embeddable":true,"href":"https:\/\/radiocresatelital.com\/index.php?rest_route=%2Fwp%2Fv2%2Fcategories&post=46779"},{"taxonomy":"post_tag","embeddable":true,"href":"https:\/\/radiocresatelital.com\/index.php?rest_route=%2Fwp%2Fv2%2Ftags&post=46779"}],"curies":[{"name":"wp","href":"https:\/\/api.w.org\/{rel}","templated":true}]}}