{"id":46741,"date":"2026-02-02T18:13:45","date_gmt":"2026-02-02T18:13:45","guid":{"rendered":"https:\/\/radiocresatelital.com\/?p=46741"},"modified":"2026-02-02T21:15:47","modified_gmt":"2026-02-02T21:15:47","slug":"gaes-inaugura-nuevo-centro-auditivo-en-mall-del-norte-y-refuerza-su-presencia-en-guayaquil","status":"publish","type":"post","link":"https:\/\/radiocresatelital.com\/?p=46741","title":{"rendered":"Gaes inaugura nuevo centro auditivo en Mall del Norte y refuerza su presencia en Guayaquil"},"content":{"rendered":"<p>Quito.-\u00a0 GAES, una marca de Amplifon, l\u00edder mundial en atenci\u00f3n auditiva, inaugura un nuevo centro auditivo en el centro comercial Mall del Norte, con el objetivo de acercar servicios especializados, tecnolog\u00eda de \u00faltima generaci\u00f3n y jornadas de chequeos auditivos gratuitos a la poblaci\u00f3n guayaquile\u00f1a. Esta apertura responde a la necesidad de ampliar el acceso a servicios de salud auditiva de calidad en la regi\u00f3n Costa, facilitando diagn\u00f3sticos oportunos y acompa\u00f1amiento profesional sin largos desplazamientos.<\/p>\n<p>El nuevo centro ofrecer\u00e1 audiometr\u00edas gratuitas, pruebas de aud\u00edfonos sin compromiso, adaptaci\u00f3n y mantenimiento de soluciones auditivas, adem\u00e1s del acompa\u00f1amiento permanente de profesionales en fonoaudiolog\u00eda. Este espacio ha sido dise\u00f1ado bajo el concepto Amplicare, un modelo de atenci\u00f3n integral que sit\u00faa a la persona en el centro del proceso, garantizando seguimiento continuo y una experiencia personalizada desde el diagn\u00f3stico hasta el soporte postventa.<\/p>\n<p>\u201cGuayaquil es una ciudad con un crecimiento constante y una alta demanda de servicios de salud especializados. Con esta apertura, reafirmamos nuestro compromiso de estar m\u00e1s cerca de las personas y acompa\u00f1arlas en cada etapa de su camino hacia una mejor audici\u00f3n\u201d, se\u00f1al\u00f3 Ariana Araujo, Audioprotesista de GAES<\/p>\n<p>Adem\u00e1s de la atenci\u00f3n cl\u00ednica, la marca busca fortalecer la concientizaci\u00f3n sobre la importancia del cuidado auditivo como un factor clave para el bienestar mental, social y emocional. Por ello, con motivo de esta apertura, se desarrollar\u00e1n jornadas de chequeos auditivos gratuitos, abiertas a personas de todas las edades, como una invitaci\u00f3n a priorizar la detecci\u00f3n temprana.<\/p>\n<p>Con la inauguraci\u00f3n de este nuevo centro en Mall del Norte, GAES contin\u00faa consolidando su presencia en el pa\u00eds y reafirma su prop\u00f3sito de mejorar la calidad de vida de las personas, promoviendo una cultura de prevenci\u00f3n auditiva y acceso a soluciones innovadoras y personalizadas.<\/p>\n","protected":false},"excerpt":{"rendered":"<p>Quito.-\u00a0 GAES, una marca de Amplifon, l\u00edder mundial en atenci\u00f3n auditiva, inaugura un nuevo centro auditivo en el centro comercial Mall del Norte, con el objetivo de acercar servicios especializados, tecnolog\u00eda de \u00faltima generaci\u00f3n y jornadas de chequeos auditivos gratuitos a la poblaci\u00f3n guayaquile\u00f1a. Esta apertura responde a la necesidad de ampliar el acceso a [&hellip;]<\/p>\n","protected":false},"author":2,"featured_media":46742,"comment_status":"open","ping_status":"closed","sticky":false,"template":"","format":"standard","meta":{"_jetpack_memberships_contains_paid_content":false,"footnotes":""},"categories":[13],"tags":[5227],"class_list":["post-46741","post","type-post","status-publish","format-standard","has-post-thumbnail","hentry","category-noticias-nacionales","tag-gaes"],"jetpack_featured_media_url":"https:\/\/radiocresatelital.com\/wp-content\/uploads\/2026\/02\/Mall-del-norte.jpeg","jetpack_sharing_enabled":true,"_links":{"self":[{"href":"https:\/\/radiocresatelital.com\/index.php?rest_route=\/wp\/v2\/posts\/46741","targetHints":{"allow":["GET"]}}],"collection":[{"href":"https:\/\/radiocresatelital.com\/index.php?rest_route=\/wp\/v2\/posts"}],"about":[{"href":"https:\/\/radiocresatelital.com\/index.php?rest_route=\/wp\/v2\/types\/post"}],"author":[{"embeddable":true,"href":"https:\/\/radiocresatelital.com\/index.php?rest_route=\/wp\/v2\/users\/2"}],"replies":[{"embeddable":true,"href":"https:\/\/radiocresatelital.com\/index.php?rest_route=%2Fwp%2Fv2%2Fcomments&post=46741"}],"version-history":[{"count":1,"href":"https:\/\/radiocresatelital.com\/index.php?rest_route=\/wp\/v2\/posts\/46741\/revisions"}],"predecessor-version":[{"id":46743,"href":"https:\/\/radiocresatelital.com\/index.php?rest_route=\/wp\/v2\/posts\/46741\/revisions\/46743"}],"wp:featuredmedia":[{"embeddable":true,"href":"https:\/\/radiocresatelital.com\/index.php?rest_route=\/wp\/v2\/media\/46742"}],"wp:attachment":[{"href":"https:\/\/radiocresatelital.com\/index.php?rest_route=%2Fwp%2Fv2%2Fmedia&parent=46741"}],"wp:term":[{"taxonomy":"category","embeddable":true,"href":"https:\/\/radiocresatelital.com\/index.php?rest_route=%2Fwp%2Fv2%2Fcategories&post=46741"},{"taxonomy":"post_tag","embeddable":true,"href":"https:\/\/radiocresatelital.com\/index.php?rest_route=%2Fwp%2Fv2%2Ftags&post=46741"}],"curies":[{"name":"wp","href":"https:\/\/api.w.org\/{rel}","templated":true}]}}