{"id":46734,"date":"2026-02-02T20:54:10","date_gmt":"2026-02-02T20:54:10","guid":{"rendered":"https:\/\/radiocresatelital.com\/?p=46734"},"modified":"2026-02-02T20:54:10","modified_gmt":"2026-02-02T20:54:10","slug":"barrios-comparsas-y-cultura-popular-se-toman-la-parada-carnavalera-2026","status":"publish","type":"post","link":"https:\/\/radiocresatelital.com\/?p=46734","title":{"rendered":"Barrios, comparsas y cultura popular se toman la Parada Carnavalera 2026"},"content":{"rendered":"<p>Guayaquil.- La Perla del Pac\u00edfico, Guayaquil vivir\u00e1 una de sus celebraciones m\u00e1s coloridas y participativas con la Parada Carnavalera 2026, que se realizar\u00e1 el pr\u00f3ximo s\u00e1bado 14 de febrero, consolid\u00e1ndose como un espacio de encuentro ciudadano que impulsa la identidad barrial, la cultura popular y la econom\u00eda comunitaria.<\/p>\n<p>El desfile iniciar\u00e1 a las 15h30 locales (20h30 GMT), con un recorrido desde la avenida Olmedo hasta el Palacio Municipal. En este punto se desarrollar\u00e1 la elecci\u00f3n de la Reina Popular del Carnaval de Guayaquil, en la que participar\u00e1n representantes de sectores como La Guangala, Suburbio, Pascuales, Puertas del Sol, entre otros barrios de la ciudad.<\/p>\n<p>La jornada integrar\u00e1 danza, comparsas, artistas independientes, colectivos culturales y emprendimientos locales, reforzando el car\u00e1cter inclusivo de esta celebraci\u00f3n. Marcos Toro, director de Vinculaci\u00f3n con la Comunidad, destac\u00f3 que la iniciativa busca que el carnaval se viva plenamente en Guayaquil y fortalezca la uni\u00f3n ciudadana.<\/p>\n<p>\u201cLa idea es esa, la uni\u00f3n de la gente, que la gente se quede en Guayaquil en este carnaval y salgan a disfrutar. Vamos a tener grandes conciertos en esa misma fecha as\u00ed que los esperamos, que Guayaquil se disfruta en este carnaval\u201d, indic\u00f3.<\/p>\n<p>La Parada Carnavalera se articula con la visi\u00f3n del alcalde Aquiles Alvarez, enfocada en revitalizar el tejido social desde los barrios, los consejos comunitarios y los espacios culturales, promoviendo la participaci\u00f3n ciudadana y la econom\u00eda circular a trav\u00e9s de cooperativas, colectivos y peque\u00f1os emprendimientos.<\/p>\n<p>Uno de los ejes centrales del evento es el proceso formativo de las j\u00f3venes participantes. Saida Litardo de M\u00e1rquez, responsable de los ensayos, resalt\u00f3 que este acompa\u00f1amiento fortalece el liderazgo y la autoestima, convirti\u00e9ndolas en referentes positivos dentro de sus comunidades. \u201cEsto es lo que llamamos nosotros el rescate de la mujer guayaquile\u00f1a de ese empuje, de esas ganas de salir adelante y de demostrar que somo hermosas por dentro y por fuera\u201d, asegur\u00f3.<\/p>\n<p>Se prev\u00e9 la participaci\u00f3n de alrededor de 7.000 personas provenientes de sectores como Guasmo, Pascuales, Monte Sina\u00ed, Huancavilca y el sur de la ciudad. El desfile estar\u00e1 conformado por 11 bloques tem\u00e1ticos: flores, monos, frutas, r\u00edo (Disney), fiesta brasile\u00f1a, amor y amistad, arlequines, payasos y mimos, cosplay, carnavales de la Sierra y batucada brasile\u00f1a.<\/p>\n<p>Para los moradores, la Parada representa una oportunidad de integraci\u00f3n y crecimiento colectivo. Gabriela Le\u00f3n, residente de la cooperativa Los Tulipanes, resalt\u00f3 el impacto de estos espacios comunitarios. \u201cMe siento demasiado orgullos por las chicas que desde ya son todas reinas\u201d, resalt\u00f3.<\/p>\n","protected":false},"excerpt":{"rendered":"<p>Guayaquil.- La Perla del Pac\u00edfico, Guayaquil vivir\u00e1 una de sus celebraciones m\u00e1s coloridas y participativas con la Parada Carnavalera 2026, que se realizar\u00e1 el pr\u00f3ximo s\u00e1bado 14 de febrero, consolid\u00e1ndose como un espacio de encuentro ciudadano que impulsa la identidad barrial, la cultura popular y la econom\u00eda comunitaria. El desfile iniciar\u00e1 a las 15h30 locales [&hellip;]<\/p>\n","protected":false},"author":2,"featured_media":46736,"comment_status":"open","ping_status":"closed","sticky":false,"template":"","format":"standard","meta":{"_jetpack_memberships_contains_paid_content":false,"footnotes":""},"categories":[33,13],"tags":[7636],"class_list":["post-46734","post","type-post","status-publish","format-standard","has-post-thumbnail","hentry","category-guayaquil","category-noticias-nacionales","tag-parada-carnavalera-2026"],"jetpack_featured_media_url":"https:\/\/radiocresatelital.com\/wp-content\/uploads\/2026\/02\/0f8b7b6c3de68e7089a78067dbdb75d1_XL.jpg","jetpack_sharing_enabled":true,"_links":{"self":[{"href":"https:\/\/radiocresatelital.com\/index.php?rest_route=\/wp\/v2\/posts\/46734","targetHints":{"allow":["GET"]}}],"collection":[{"href":"https:\/\/radiocresatelital.com\/index.php?rest_route=\/wp\/v2\/posts"}],"about":[{"href":"https:\/\/radiocresatelital.com\/index.php?rest_route=\/wp\/v2\/types\/post"}],"author":[{"embeddable":true,"href":"https:\/\/radiocresatelital.com\/index.php?rest_route=\/wp\/v2\/users\/2"}],"replies":[{"embeddable":true,"href":"https:\/\/radiocresatelital.com\/index.php?rest_route=%2Fwp%2Fv2%2Fcomments&post=46734"}],"version-history":[{"count":1,"href":"https:\/\/radiocresatelital.com\/index.php?rest_route=\/wp\/v2\/posts\/46734\/revisions"}],"predecessor-version":[{"id":46737,"href":"https:\/\/radiocresatelital.com\/index.php?rest_route=\/wp\/v2\/posts\/46734\/revisions\/46737"}],"wp:featuredmedia":[{"embeddable":true,"href":"https:\/\/radiocresatelital.com\/index.php?rest_route=\/wp\/v2\/media\/46736"}],"wp:attachment":[{"href":"https:\/\/radiocresatelital.com\/index.php?rest_route=%2Fwp%2Fv2%2Fmedia&parent=46734"}],"wp:term":[{"taxonomy":"category","embeddable":true,"href":"https:\/\/radiocresatelital.com\/index.php?rest_route=%2Fwp%2Fv2%2Fcategories&post=46734"},{"taxonomy":"post_tag","embeddable":true,"href":"https:\/\/radiocresatelital.com\/index.php?rest_route=%2Fwp%2Fv2%2Ftags&post=46734"}],"curies":[{"name":"wp","href":"https:\/\/api.w.org\/{rel}","templated":true}]}}