{"id":46731,"date":"2026-02-02T20:10:52","date_gmt":"2026-02-02T20:10:52","guid":{"rendered":"https:\/\/radiocresatelital.com\/?p=46731"},"modified":"2026-02-02T20:11:02","modified_gmt":"2026-02-02T20:11:02","slug":"arrancaron-oficialmente-las-brigadas-de-carnetizacion-en-beneficio-de-agricultores-y-ganaderos-guayasenses-la-prefecta-marcela-aguinaga-superviso-la-jornada-con-cientos-de-productores-en-el-canton-n","status":"publish","type":"post","link":"https:\/\/radiocresatelital.com\/?p=46731","title":{"rendered":"Arrancaron oficialmente las Brigadas de Carnetizaci\u00f3n en beneficio de agricultores y ganaderos guayasenses: la Prefecta Marcela Agui\u00f1aga supervis\u00f3 la jornada con cientos de productores, en el cant\u00f3n Nobol"},"content":{"rendered":"<p>Guayaquil.- Con el objetivo de fortalecer al peque\u00f1o productor agr\u00edcola y ganadero, acercando directamente al campo, los beneficios institucionales y de la empresa privada, el Gobierno Provincial del Guayas puso en marcha las Brigadas provinciales de Carnetizaci\u00f3n para quienes fueron previamente censados en el territorio. La jornada arranc\u00f3 oficialmente en Nobol, bajo la supervisi\u00f3n de la Prefecta Marcela Agui\u00f1aga, quien se refiri\u00f3 a los descuentos en insumos agr\u00edcolas y veterinarios, semillas, procesos de tecnificaci\u00f3n y toda la oferta de programas productivos impulsados en su administraci\u00f3n.<\/p>\n<p>\u201cEste es un d\u00eda hist\u00f3rico para nosotros porque, por un lado, por primera vez la Prefectura del Guayas termin\u00f3 un proceso de Censo, sino que adicionalmente ya estamos carnetizando a todos nuestros productores guayasenses. Esto me llena de esperanza porque ustedes creen en nosotros y, segundo, este carn\u00e9 no es un pl\u00e1stico, ese carn\u00e9 representa derechos, justicia para cada uno de ustedes y dignidad\u201d, se\u00f1al\u00f3 la ejecutiva provincial.<\/p>\n<p>Los productores convocados durante este lunes 2 de febrero, valoraron la iniciativa como un alivio para sus bolsillos, reconociendo la labor de la Prefectura, el acceso a capacitaci\u00f3n y asistencia t\u00e9cnica especializada. \u201cEl cant\u00f3n mantiene a la ciudad y el montuvio mantiene a la ciudad. Ella (Prefecta Marcela Agui\u00f1aga) se est\u00e1 acordando de nosotros, se preocupa por nosotros, los peque\u00f1os, porque nosotros somos los que mantenemos las ciudades\u201d, apunt\u00f3 Gilberto Correa, de 70 a\u00f1os.<\/p>\n<p>Las brigadas de carnetizaci\u00f3n empezaron, de manera simult\u00e1nea, en los cantones Daule, Isidro Ayora, Pedro Carbo, Nobol y Salitre. Desde febrero hasta el mes mayo, conforme al cronograma oficial, continuar\u00e1n progresivamente por Samborond\u00f3n, Lomas de Sargentillo, Guayaquil, Playas, Balzar, El Empalme, Palestina, Santa Luc\u00eda, Colimes, Yaguachi, Milagro, Marcelino Maridue\u00f1a, Naranjal, Jujan, Sim\u00f3n Bol\u00edvar, El Triunfo, Balao, Bucay, Dur\u00e1n, Tenguel y Naranjito.<\/p>\n<p>\u201cComo primer Censo hemos tenido la oportunidad, porque nunca hemos sido beneficiados con algo, hemos sido olvidados&#8230; Le agradezco a Marcela Agui\u00f1aga por hacer este esfuerzo. Muchos beneficios porque en la realidad nos hace falta, es un granito de arena\u201d, resalt\u00f3 Ana Isabel Ruiz, peque\u00f1a productora de Nobol.<\/p>\n<p>Entre las empresas constan Crystal Chemical, Importadora Industrial Agr\u00edcola Del Monte S.A., Farmagro, Kresill y Agripac. El carn\u00e9 permitir\u00e1 a los beneficiarios:<\/p>\n<p>\u2022 Acceder a descuentos con empresas privadas en insumos agr\u00edcolas y veterinarios.<br \/>\n\u2022 Recibir semillas y apoyo para procesos de tecnificaci\u00f3n.<br \/>\n\u2022 Participar en programas de capacitaci\u00f3n y asistencia t\u00e9cnica.<br \/>\n\u2022 Integrarse a todos los servicios y proyectos productivos de la Prefectura del Guayas.<\/p>\n","protected":false},"excerpt":{"rendered":"<p>Guayaquil.- Con el objetivo de fortalecer al peque\u00f1o productor agr\u00edcola y ganadero, acercando directamente al campo, los beneficios institucionales y de la empresa privada, el Gobierno Provincial del Guayas puso en marcha las Brigadas provinciales de Carnetizaci\u00f3n para quienes fueron previamente censados en el territorio. La jornada arranc\u00f3 oficialmente en Nobol, bajo la supervisi\u00f3n de [&hellip;]<\/p>\n","protected":false},"author":2,"featured_media":46732,"comment_status":"open","ping_status":"closed","sticky":false,"template":"","format":"standard","meta":{"_jetpack_memberships_contains_paid_content":false,"footnotes":""},"categories":[13],"tags":[5968,2699],"class_list":["post-46731","post","type-post","status-publish","format-standard","has-post-thumbnail","hentry","category-noticias-nacionales","tag-gobierno-provincial-del-guayas","tag-prefecta-marcela-aguinaga"],"jetpack_featured_media_url":"https:\/\/radiocresatelital.com\/wp-content\/uploads\/2026\/02\/WhatsApp-Image-2026-02-02-at-14.30.25-scaled.jpeg","jetpack_sharing_enabled":true,"_links":{"self":[{"href":"https:\/\/radiocresatelital.com\/index.php?rest_route=\/wp\/v2\/posts\/46731","targetHints":{"allow":["GET"]}}],"collection":[{"href":"https:\/\/radiocresatelital.com\/index.php?rest_route=\/wp\/v2\/posts"}],"about":[{"href":"https:\/\/radiocresatelital.com\/index.php?rest_route=\/wp\/v2\/types\/post"}],"author":[{"embeddable":true,"href":"https:\/\/radiocresatelital.com\/index.php?rest_route=\/wp\/v2\/users\/2"}],"replies":[{"embeddable":true,"href":"https:\/\/radiocresatelital.com\/index.php?rest_route=%2Fwp%2Fv2%2Fcomments&post=46731"}],"version-history":[{"count":1,"href":"https:\/\/radiocresatelital.com\/index.php?rest_route=\/wp\/v2\/posts\/46731\/revisions"}],"predecessor-version":[{"id":46733,"href":"https:\/\/radiocresatelital.com\/index.php?rest_route=\/wp\/v2\/posts\/46731\/revisions\/46733"}],"wp:featuredmedia":[{"embeddable":true,"href":"https:\/\/radiocresatelital.com\/index.php?rest_route=\/wp\/v2\/media\/46732"}],"wp:attachment":[{"href":"https:\/\/radiocresatelital.com\/index.php?rest_route=%2Fwp%2Fv2%2Fmedia&parent=46731"}],"wp:term":[{"taxonomy":"category","embeddable":true,"href":"https:\/\/radiocresatelital.com\/index.php?rest_route=%2Fwp%2Fv2%2Fcategories&post=46731"},{"taxonomy":"post_tag","embeddable":true,"href":"https:\/\/radiocresatelital.com\/index.php?rest_route=%2Fwp%2Fv2%2Ftags&post=46731"}],"curies":[{"name":"wp","href":"https:\/\/api.w.org\/{rel}","templated":true}]}}