{"id":4654,"date":"2023-09-21T22:12:56","date_gmt":"2023-09-21T22:12:56","guid":{"rendered":"https:\/\/radiocresatelital.com\/?p=4654"},"modified":"2023-09-22T04:50:59","modified_gmt":"2023-09-22T04:50:59","slug":"patricio-carrillo-no-puede-posesionarse-como-asambleista-porque-vulnero-derechos-humanos-jhajaira-urresta","status":"publish","type":"post","link":"https:\/\/radiocresatelital.com\/?p=4654","title":{"rendered":"Patricio Carrillo no puede posesionarse como asamble\u00edsta porque vulner\u00f3 derechos humanos, Jhajaira Urresta"},"content":{"rendered":"<p>Quito.- La asamble\u00edsta reelecta por la Revoluci\u00f3n Ciudadana, Jhajaira Urresta, dijo que Patricio Carrillo, no puede ejercer como Asamble\u00edsta en el siguiente per\u00edodo legislativo, porque como Ministro fue censurado por vulneraci\u00f3n de derechos humanos, incumplimiento de funciones como secretario de estado; fue \u00e9l de quien hizo utilizar las armas caducadas, quien catalog\u00f3 al pueblo y a la familia de la Dra. Mar\u00eda Bel\u00e9n Bernal como personas antojadizas que quer\u00edan desestabilizar al gobierno\u00bb.<\/p>\n<p>\u00abEs necesario tener en cuenta lo siguiente; Cuando usted vulnera los derechos humanos, no solo los que rigen seg\u00fan nuestra constituci\u00f3n, sino que tampoco cumple con los derechos humanos internacionales, usted tiene que ser procesado penalmente\u00bb, dijo Urresta al referirse a los motivos por los cuales se lo censur\u00f3 al ex ministro.<\/p>\n<p>Carrillo, del movimiento Construye, pese a ser el asamble\u00edsta m\u00e1s votado en las \u00faltimas elecciones, tiene algunas objeciones y denuncias para impedir su posesi\u00f3n como legislador, debido a la censura que recibi\u00f3 de la pasada asamblea, lo cual le niega sus derechos civiles por un a\u00f1o.<\/p>\n","protected":false},"excerpt":{"rendered":"<p>Quito.- La asamble\u00edsta reelecta por la Revoluci\u00f3n Ciudadana, Jhajaira Urresta, dijo que Patricio Carrillo, no puede ejercer como Asamble\u00edsta en el siguiente per\u00edodo legislativo, porque como Ministro fue censurado por vulneraci\u00f3n de derechos humanos, incumplimiento de funciones como secretario de estado; fue \u00e9l de quien hizo utilizar las armas caducadas, quien catalog\u00f3 al pueblo y [&hellip;]<\/p>\n","protected":false},"author":3,"featured_media":4667,"comment_status":"open","ping_status":"closed","sticky":false,"template":"","format":"standard","meta":{"_jetpack_memberships_contains_paid_content":false,"footnotes":""},"categories":[13],"tags":[562],"class_list":["post-4654","post","type-post","status-publish","format-standard","has-post-thumbnail","hentry","category-noticias-nacionales","tag-patricio-carrillo"],"jetpack_featured_media_url":"https:\/\/radiocresatelital.com\/wp-content\/uploads\/2023\/09\/52289301887_806dafdb0e_b.jpg","jetpack_sharing_enabled":true,"_links":{"self":[{"href":"https:\/\/radiocresatelital.com\/index.php?rest_route=\/wp\/v2\/posts\/4654","targetHints":{"allow":["GET"]}}],"collection":[{"href":"https:\/\/radiocresatelital.com\/index.php?rest_route=\/wp\/v2\/posts"}],"about":[{"href":"https:\/\/radiocresatelital.com\/index.php?rest_route=\/wp\/v2\/types\/post"}],"author":[{"embeddable":true,"href":"https:\/\/radiocresatelital.com\/index.php?rest_route=\/wp\/v2\/users\/3"}],"replies":[{"embeddable":true,"href":"https:\/\/radiocresatelital.com\/index.php?rest_route=%2Fwp%2Fv2%2Fcomments&post=4654"}],"version-history":[{"count":1,"href":"https:\/\/radiocresatelital.com\/index.php?rest_route=\/wp\/v2\/posts\/4654\/revisions"}],"predecessor-version":[{"id":4665,"href":"https:\/\/radiocresatelital.com\/index.php?rest_route=\/wp\/v2\/posts\/4654\/revisions\/4665"}],"wp:featuredmedia":[{"embeddable":true,"href":"https:\/\/radiocresatelital.com\/index.php?rest_route=\/wp\/v2\/media\/4667"}],"wp:attachment":[{"href":"https:\/\/radiocresatelital.com\/index.php?rest_route=%2Fwp%2Fv2%2Fmedia&parent=4654"}],"wp:term":[{"taxonomy":"category","embeddable":true,"href":"https:\/\/radiocresatelital.com\/index.php?rest_route=%2Fwp%2Fv2%2Fcategories&post=4654"},{"taxonomy":"post_tag","embeddable":true,"href":"https:\/\/radiocresatelital.com\/index.php?rest_route=%2Fwp%2Fv2%2Ftags&post=4654"}],"curies":[{"name":"wp","href":"https:\/\/api.w.org\/{rel}","templated":true}]}}