{"id":4648,"date":"2023-09-21T21:11:41","date_gmt":"2023-09-21T21:11:41","guid":{"rendered":"https:\/\/radiocresatelital.com\/?p=4648"},"modified":"2023-09-21T22:43:46","modified_gmt":"2023-09-21T22:43:46","slug":"no-descarto-que-pretendan-perseguirme-en-el-futuro-guillermo-lasso","status":"publish","type":"post","link":"https:\/\/radiocresatelital.com\/?p=4648","title":{"rendered":"No descarto que pretendan perseguirme en el futuro, Guillermo Lasso"},"content":{"rendered":"<p>New York.- El presidente de la rep\u00fablica, Guillermo Lasso, en entrevista con la prensa espa\u00f1ola, dijo que no descarta que pretendan perseguirlo en el futuro, \u00abSi usted mira la historia del Ecuador vera como se judicializa la pol\u00edtica y como se ha politizado la justicia, por eso no descarto esa posibilidad, aunque mi conciencia esta absolutamente en paz\u00bb.<\/p>\n<p>\u00abVea usted, intentaron destituirme con un juicio pol\u00edtico sobre hechos sucedidos en el gobierno anterior, que nada ten\u00edan que ver conmigo, si esa capacidad de imaginaci\u00f3n y creaci\u00f3n tienen, yo no descarto que puedan perseguirme en el futuro\u00bb, sentencio Lasso.<\/p>\n<p>El primer mandatario, ha realizado lo que \u00e9l anuncio como su \u00faltimo periplo en el exterior, en el cual expuso sus ponencias y logros en la Organizaci\u00f3n de las Naciones Unidas y ante la prensa internacional.<\/p>\n<p><a href=\"https:\/\/x.com\/LaDataEc\/status\/1704899036724052391?s=20\">https:\/\/x.com\/LaDataEc\/status\/1704899036724052391?s=20<\/a><\/p>\n","protected":false},"excerpt":{"rendered":"<p>New York.- El presidente de la rep\u00fablica, Guillermo Lasso, en entrevista con la prensa espa\u00f1ola, dijo que no descarta que pretendan perseguirlo en el futuro, \u00abSi usted mira la historia del Ecuador vera como se judicializa la pol\u00edtica y como se ha politizado la justicia, por eso no descarto esa posibilidad, aunque mi conciencia esta [&hellip;]<\/p>\n","protected":false},"author":3,"featured_media":4649,"comment_status":"open","ping_status":"closed","sticky":false,"template":"","format":"standard","meta":{"_jetpack_memberships_contains_paid_content":false,"footnotes":""},"categories":[13],"tags":[236],"class_list":["post-4648","post","type-post","status-publish","format-standard","has-post-thumbnail","hentry","category-noticias-nacionales","tag-guillermo-lasso"],"jetpack_featured_media_url":"https:\/\/radiocresatelital.com\/wp-content\/uploads\/2023\/09\/lasso-entrevistado.jpg","jetpack_sharing_enabled":true,"_links":{"self":[{"href":"https:\/\/radiocresatelital.com\/index.php?rest_route=\/wp\/v2\/posts\/4648","targetHints":{"allow":["GET"]}}],"collection":[{"href":"https:\/\/radiocresatelital.com\/index.php?rest_route=\/wp\/v2\/posts"}],"about":[{"href":"https:\/\/radiocresatelital.com\/index.php?rest_route=\/wp\/v2\/types\/post"}],"author":[{"embeddable":true,"href":"https:\/\/radiocresatelital.com\/index.php?rest_route=\/wp\/v2\/users\/3"}],"replies":[{"embeddable":true,"href":"https:\/\/radiocresatelital.com\/index.php?rest_route=%2Fwp%2Fv2%2Fcomments&post=4648"}],"version-history":[{"count":3,"href":"https:\/\/radiocresatelital.com\/index.php?rest_route=\/wp\/v2\/posts\/4648\/revisions"}],"predecessor-version":[{"id":4653,"href":"https:\/\/radiocresatelital.com\/index.php?rest_route=\/wp\/v2\/posts\/4648\/revisions\/4653"}],"wp:featuredmedia":[{"embeddable":true,"href":"https:\/\/radiocresatelital.com\/index.php?rest_route=\/wp\/v2\/media\/4649"}],"wp:attachment":[{"href":"https:\/\/radiocresatelital.com\/index.php?rest_route=%2Fwp%2Fv2%2Fmedia&parent=4648"}],"wp:term":[{"taxonomy":"category","embeddable":true,"href":"https:\/\/radiocresatelital.com\/index.php?rest_route=%2Fwp%2Fv2%2Fcategories&post=4648"},{"taxonomy":"post_tag","embeddable":true,"href":"https:\/\/radiocresatelital.com\/index.php?rest_route=%2Fwp%2Fv2%2Ftags&post=4648"}],"curies":[{"name":"wp","href":"https:\/\/api.w.org\/{rel}","templated":true}]}}