{"id":46477,"date":"2026-01-28T21:36:59","date_gmt":"2026-01-28T21:36:59","guid":{"rendered":"https:\/\/radiocresatelital.com\/?p=46477"},"modified":"2026-01-28T21:36:59","modified_gmt":"2026-01-28T21:36:59","slug":"ministerio-de-trabajo-impulsa-politica-de-calidad-para-fortalecer-los-servicios-publicos","status":"publish","type":"post","link":"https:\/\/radiocresatelital.com\/?p=46477","title":{"rendered":"Ministerio de Trabajo impulsa pol\u00edtica de calidad para fortalecer los servicios p\u00fablicos"},"content":{"rendered":"<div class=\"row\">\n<section id=\"postcontent\" class=\"col-md-9 col-sm-6 line-right\">\n<p class=\"has-medium-font-size\">Quito.- Fomentamos la pol\u00edtica de calidad de los servicios p\u00fablicos en beneficio de la ciudadan\u00eda. El Ministerio del Trabajo suscribi\u00f3 el acta compromiso para la implementaci\u00f3n de la Pol\u00edtica de Calidad de los Servicios P\u00fablicos del Tercer Plan de Acci\u00f3n de Estado Abierto Ecuador.<\/p>\n<p class=\"has-medium-font-size\">El objetivo es establecer un marco de cooperaci\u00f3n y veedur\u00eda sobre la implementaci\u00f3n de la Pol\u00edtica de Calidad de los Servicios P\u00fablicos que llevar\u00e1 adelante esta cartera de Estado reafirmando los principios de Estado Abierto de Transparencia y acceso a la informaci\u00f3n, Integridad y rendici\u00f3n de cuentas, participaci\u00f3n ciudadana, colaboraci\u00f3n e innovaci\u00f3n y credibilidad de las entidades p\u00fablicas.<\/p>\n<p class=\"has-medium-font-size\">\u201cTodo lo que hacemos va en beneficio de los ciudadanos, en mejorar su calidad de vida. El servicio que brindemos debe ser de calidad, con transparencia y m\u00e1s eficiente\u201d Harold Burbano, Ministro del Trabajo.<\/p>\n<p class=\"has-medium-font-size\">Por su parte, Juan Francisco Rom\u00e1n, Subsecretario General de Gesti\u00f3n Gubernamental de la Presidencia de la Rep\u00fablica, destac\u00f3 \u201cesta iniciativa fortalece la democracia porque escucha a sus ciudadanos, porque existe participaci\u00f3n ciudadana directa\u201d.<\/p>\n<p class=\"has-medium-font-size\">La Fundaci\u00f3n Alianza Estrat\u00e9gica que promueve proyectos de inclusi\u00f3n social y potencia las competencias del talento humano y la profesionalizaci\u00f3n laboral, mediante programas de capacitaci\u00f3n educativa y social, realizar\u00e1 la veedur\u00eda de la implementaci\u00f3n de la pol\u00edtica de calidad del Ministerio del Trabajo.<\/p>\n<p class=\"has-medium-font-size\">\u201cLa raz\u00f3n de ser del Estado es el ciudadano. La pol\u00edtica de la calidad debe ser constru\u00edda con la ciudadania y en su beneficio con un trabajo colaborativo\u201d Carlos Paladines, Director Ejecutivo de la Fundaci\u00f3n Alianza Estrat\u00e9gica.<\/p>\n<p class=\"has-medium-font-size\">Desde el Gobierno Nacional se promueven espacios de cocreaci\u00f3n de instrumentos p\u00fablicos, acogiendo las observaciones de la sociedad civil y trabajando de manera conjunta, con el objetivo \u00fanico de mejorar la calidad en el servicio p\u00fablico, fomentando la eficiencia, la transparencia, la cultura de mejora continua e innovaci\u00f3n.<\/p>\n<\/section>\n<aside class=\"col-md-3 col-sm-6\">\n<div class=\"social\">\n<div class=\"met_share_line met_bgcolor2 float-share\"><\/div>\n<\/div>\n<\/aside>\n<\/div>\n","protected":false},"excerpt":{"rendered":"<p>Quito.- Fomentamos la pol\u00edtica de calidad de los servicios p\u00fablicos en beneficio de la ciudadan\u00eda. El Ministerio del Trabajo suscribi\u00f3 el acta compromiso para la implementaci\u00f3n de la Pol\u00edtica de Calidad de los Servicios P\u00fablicos del Tercer Plan de Acci\u00f3n de Estado Abierto Ecuador. El objetivo es establecer un marco de cooperaci\u00f3n y veedur\u00eda sobre [&hellip;]<\/p>\n","protected":false},"author":2,"featured_media":46478,"comment_status":"open","ping_status":"closed","sticky":false,"template":"","format":"standard","meta":{"_jetpack_memberships_contains_paid_content":false,"footnotes":""},"categories":[13],"tags":[2545,7589],"class_list":["post-46477","post","type-post","status-publish","format-standard","has-post-thumbnail","hentry","category-noticias-nacionales","tag-ministerio-del-trabajo","tag-servicios-publicos-del-tercer-plan-de-accion-de-estado-abierto-ecuador"],"jetpack_featured_media_url":"https:\/\/radiocresatelital.com\/wp-content\/uploads\/2026\/01\/ministerio-del-trabajo-ecuador-Logo-Vector.svg-.png","jetpack_sharing_enabled":true,"_links":{"self":[{"href":"https:\/\/radiocresatelital.com\/index.php?rest_route=\/wp\/v2\/posts\/46477","targetHints":{"allow":["GET"]}}],"collection":[{"href":"https:\/\/radiocresatelital.com\/index.php?rest_route=\/wp\/v2\/posts"}],"about":[{"href":"https:\/\/radiocresatelital.com\/index.php?rest_route=\/wp\/v2\/types\/post"}],"author":[{"embeddable":true,"href":"https:\/\/radiocresatelital.com\/index.php?rest_route=\/wp\/v2\/users\/2"}],"replies":[{"embeddable":true,"href":"https:\/\/radiocresatelital.com\/index.php?rest_route=%2Fwp%2Fv2%2Fcomments&post=46477"}],"version-history":[{"count":1,"href":"https:\/\/radiocresatelital.com\/index.php?rest_route=\/wp\/v2\/posts\/46477\/revisions"}],"predecessor-version":[{"id":46479,"href":"https:\/\/radiocresatelital.com\/index.php?rest_route=\/wp\/v2\/posts\/46477\/revisions\/46479"}],"wp:featuredmedia":[{"embeddable":true,"href":"https:\/\/radiocresatelital.com\/index.php?rest_route=\/wp\/v2\/media\/46478"}],"wp:attachment":[{"href":"https:\/\/radiocresatelital.com\/index.php?rest_route=%2Fwp%2Fv2%2Fmedia&parent=46477"}],"wp:term":[{"taxonomy":"category","embeddable":true,"href":"https:\/\/radiocresatelital.com\/index.php?rest_route=%2Fwp%2Fv2%2Fcategories&post=46477"},{"taxonomy":"post_tag","embeddable":true,"href":"https:\/\/radiocresatelital.com\/index.php?rest_route=%2Fwp%2Fv2%2Ftags&post=46477"}],"curies":[{"name":"wp","href":"https:\/\/api.w.org\/{rel}","templated":true}]}}