{"id":46465,"date":"2026-01-28T21:05:11","date_gmt":"2026-01-28T21:05:11","guid":{"rendered":"https:\/\/radiocresatelital.com\/?p=46465"},"modified":"2026-01-28T21:07:05","modified_gmt":"2026-01-28T21:07:05","slug":"46465","status":"publish","type":"post","link":"https:\/\/radiocresatelital.com\/?p=46465","title":{"rendered":"Sector Exportador Ecuatoriano consolida agenda en Panam\u00e1 para acelerar oportunidades comerciales y cooperaci\u00f3n empresarial"},"content":{"rendered":"<p>Panam\u00e1.\u2013 La Federaci\u00f3n Ecuatoriana de Exportadores &#8211; FEDEXPOR desarrolla una agenda estrat\u00e9gica en Panam\u00e1 con el objetivo de fortalecer los lazos comerciales bilaterales, atraer inversiones y profundizar la articulaci\u00f3n entre los sectores privados de ambos pa\u00edses, en un contexto marcado por uno de los mejores momentos de la relaci\u00f3n Ecuador\u2013Panam\u00e1.<\/p>\n<p>Esta agenda se enmarca en un escenario de alto dinamismo econ\u00f3mico. En 2024, el comercio no petrolero entre Ecuador y Panam\u00e1 registr\u00f3 un saldo favorable para el pa\u00eds de USD 47 millones, con una canasta exportadora que alcanza 454 productos, reflejando la diversificaci\u00f3n y el potencial de crecimiento de la relaci\u00f3n comercial.<\/p>\n<p>Uno de los ejes centrales de la visita es el impulso al Acuerdo de Complementaci\u00f3n Econ\u00f3mica. La expectativa del sector exportador del Ecuador es que este acuerdo se firme en el primer semestre de 2026, lo que permitir\u00eda incorporar intereses clave en cadenas productivas como alimentos para animales; m\u00e1quinas y aparatos el\u00e9ctricos; grasas y aceites vegetales; y tableros de madera.<\/p>\n<p>Actualmente, estos productos concentran m\u00e1s del 40% de las exportaciones no petroleras hacia<br \/>\nPanam\u00e1, lo que evidencia el impacto estrat\u00e9gico del acuerdo.<\/p>\n<p>Entre los productos con mayor potencial en el mercado paname\u00f1o se identifican transformadores el\u00e9ctricos, elevadores y productos de la agroindustria, especialmente preparaciones y conservas de alimentos. El objetivo es fortalecer su posicionamiento comercial y ampliar oportunidades mediante una mayor articulaci\u00f3n empresarial y la construcci\u00f3n de alianzas que faciliten el acceso a nuevos clientes y canales de distribuci\u00f3n. Consolidar esta inserci\u00f3n permitir\u00eda, adem\u00e1s, aprovechar a Panam\u00e1 como plataforma log\u00edstica y comercial para proyectar exportaciones hacia otros mercados de Centroam\u00e9rica.<\/p>\n<p>En este contexto, FEDEXPOR, como parte del Consejo Empresarial Ecuatoriano\u2013Paname\u00f1o, impulsa una agenda orientada a la expansi\u00f3n de nuevas l\u00edneas de comercio, la atracci\u00f3n de inversiones productivas y el desarrollo de oportunidades en sectores de servicios, incluyendo servicios financieros, log\u00edsticos y el aprovechamiento de zonas francas como plataformas de integraci\u00f3n regional.<\/p>\n<p>Como parte de la agenda, nuestro Presidente Ejecutivo, Xavier Rosero Carrillo, participar\u00e1 en el Foro Econ\u00f3mico Internacional Am\u00e9rica Latina y el Caribe 2026, organizado por CAF. Este espacio re\u00fane a l\u00edderes empresariales y tomadores de decisi\u00f3n de la regi\u00f3n, y se consolida como una plataforma clave para promover el di\u00e1logo, el intercambio de visiones y la construcci\u00f3n de consensos frente a los desaf\u00edos estructurales de Am\u00e9rica Latina y el Caribe. La presencia ecuatoriana en este foro refuerza el posicionamiento del pa\u00eds en las discusiones econ\u00f3micas regionales.<\/p>\n<p>Adicionalmente, Xavier Rosero Carrillo mantendr\u00e1 una reuni\u00f3n de alto nivel con Arturo Siu, presidente electo de la Asociaci\u00f3n Paname\u00f1a de Exportadores (APEX), gremio que representa al sector exportador paname\u00f1o. Este encuentro busca articular alianzas estrat\u00e9gicas entre los sectores empresariales de ambos pa\u00edses, identificar oportunidades concretas de cooperaci\u00f3n y fortalecer los canales de relacionamiento institucional.<\/p>\n<p>La agenda empresarial coincide con la visita oficial del Presidente de la Rep\u00fablica, Daniel Noboa, junto a su gabinete, lo que reafirma el buen momento de la relaci\u00f3n bilateral y abre una ventana de oportunidad para avanzar hacia una mayor integraci\u00f3n econ\u00f3mica entre Ecuador y Panam\u00e1, con el sector privado como actor clave para traducir este acercamiento en comercio, inversi\u00f3n y desarrollo productivo<\/p>\n","protected":false},"excerpt":{"rendered":"<p>Panam\u00e1.\u2013 La Federaci\u00f3n Ecuatoriana de Exportadores &#8211; FEDEXPOR desarrolla una agenda estrat\u00e9gica en Panam\u00e1 con el objetivo de fortalecer los lazos comerciales bilaterales, atraer inversiones y profundizar la articulaci\u00f3n entre los sectores privados de ambos pa\u00edses, en un contexto marcado por uno de los mejores momentos de la relaci\u00f3n Ecuador\u2013Panam\u00e1. Esta agenda se enmarca en [&hellip;]<\/p>\n","protected":false},"author":2,"featured_media":46469,"comment_status":"open","ping_status":"closed","sticky":false,"template":"","format":"standard","meta":{"_jetpack_memberships_contains_paid_content":false,"footnotes":""},"categories":[13],"tags":[7587,3901],"class_list":["post-46465","post","type-post","status-publish","format-standard","has-post-thumbnail","hentry","category-noticias-nacionales","tag-acuerdo-de-complementacion-economica","tag-federacion-ecuatoriana-de-exportadores"],"jetpack_featured_media_url":"https:\/\/radiocresatelital.com\/wp-content\/uploads\/2026\/01\/WhatsApp-Image-2026-01-28-at-16.02.54.jpeg","jetpack_sharing_enabled":true,"_links":{"self":[{"href":"https:\/\/radiocresatelital.com\/index.php?rest_route=\/wp\/v2\/posts\/46465","targetHints":{"allow":["GET"]}}],"collection":[{"href":"https:\/\/radiocresatelital.com\/index.php?rest_route=\/wp\/v2\/posts"}],"about":[{"href":"https:\/\/radiocresatelital.com\/index.php?rest_route=\/wp\/v2\/types\/post"}],"author":[{"embeddable":true,"href":"https:\/\/radiocresatelital.com\/index.php?rest_route=\/wp\/v2\/users\/2"}],"replies":[{"embeddable":true,"href":"https:\/\/radiocresatelital.com\/index.php?rest_route=%2Fwp%2Fv2%2Fcomments&post=46465"}],"version-history":[{"count":3,"href":"https:\/\/radiocresatelital.com\/index.php?rest_route=\/wp\/v2\/posts\/46465\/revisions"}],"predecessor-version":[{"id":46472,"href":"https:\/\/radiocresatelital.com\/index.php?rest_route=\/wp\/v2\/posts\/46465\/revisions\/46472"}],"wp:featuredmedia":[{"embeddable":true,"href":"https:\/\/radiocresatelital.com\/index.php?rest_route=\/wp\/v2\/media\/46469"}],"wp:attachment":[{"href":"https:\/\/radiocresatelital.com\/index.php?rest_route=%2Fwp%2Fv2%2Fmedia&parent=46465"}],"wp:term":[{"taxonomy":"category","embeddable":true,"href":"https:\/\/radiocresatelital.com\/index.php?rest_route=%2Fwp%2Fv2%2Fcategories&post=46465"},{"taxonomy":"post_tag","embeddable":true,"href":"https:\/\/radiocresatelital.com\/index.php?rest_route=%2Fwp%2Fv2%2Ftags&post=46465"}],"curies":[{"name":"wp","href":"https:\/\/api.w.org\/{rel}","templated":true}]}}