{"id":46377,"date":"2026-01-27T19:36:41","date_gmt":"2026-01-27T19:36:41","guid":{"rendered":"https:\/\/radiocresatelital.com\/?p=46377"},"modified":"2026-01-27T19:36:41","modified_gmt":"2026-01-27T19:36:41","slug":"eber-caicedo-regresa-a-orense-sporting-club","status":"publish","type":"post","link":"https:\/\/radiocresatelital.com\/?p=46377","title":{"rendered":"Eber Caicedo regresa a Orense Sporting Club"},"content":{"rendered":"<p>Machala.- Orense Sporting Club hizo oficial el regreso de Eber Caicedo, delantero que tuvo un primer paso por el club \u201cbananero\u201d en el a\u00f1o 2019, formando parte de la plantilla campeona de la Serie B y que lograron el hist\u00f3rico ascenso a la Serie A del f\u00fatbol profesional ecuatoriano. El atacante ecuatoriano se une al equipo de la provincia hasta el final de la temporada 2026 como jugador libre.<\/p>\n<p>Eber tuvo una participaci\u00f3n clave en su primera etapa con Orense, al convertir el gol que sell\u00f3 la ansiada clasificaci\u00f3n a la m\u00e1xima categor\u00eda. Aquel recordado encuentro ante Manta F.C., que finalizaba empatado 1-1, tuvo a Eber ingresando al minuto 90+1, apenas dos minutos despu\u00e9s, al 93, apareci\u00f3 dentro del \u00e1rea y luego de un centro de Cristhian Blacio, con pierna izquierda marc\u00f3 uno de los goles m\u00e1s gritados en la historia del club. Posteriormente, Orense Sporting Club se coron\u00f3 campe\u00f3n de la Serie B ante Liga de Portoviejo.<\/p>\n<p>El delantero llega procedente de Libertad F.C., donde cumpli\u00f3 una destacada temporada y se convirti\u00f3 en el goleador del equipo tras anotar 15 goles en la Liga Ecuabet. Ahora reforzar\u00e1 la ofensiva del conjunto \u201cbananero\u201d, con el objetivo de seguir dejando huella en la historia de Orense Sporting Club.<\/p>\n<p>La semana anterior, Eber Caicedo ya se integr\u00f3 a la pretemporada que es comandada por el profesor Ra\u00fal Antu\u00f1a. Adem\u00e1s, disput\u00f3 un encuentro amistoso el \u00faltimo fin de semana frente a la plantilla sub-19 de Orense, en donde se hizo presente en el marcador con un tanto.<\/p>\n","protected":false},"excerpt":{"rendered":"<p>Machala.- Orense Sporting Club hizo oficial el regreso de Eber Caicedo, delantero que tuvo un primer paso por el club \u201cbananero\u201d en el a\u00f1o 2019, formando parte de la plantilla campeona de la Serie B y que lograron el hist\u00f3rico ascenso a la Serie A del f\u00fatbol profesional ecuatoriano. El atacante ecuatoriano se une al [&hellip;]<\/p>\n","protected":false},"author":2,"featured_media":46378,"comment_status":"open","ping_status":"closed","sticky":false,"template":"","format":"standard","meta":{"_jetpack_memberships_contains_paid_content":false,"footnotes":""},"categories":[626,73],"tags":[7573,5250],"class_list":["post-46377","post","type-post","status-publish","format-standard","has-post-thumbnail","hentry","category-futbol-nacional","category-liga-pro","tag-eber-caicedo","tag-orense-sporting-club"],"jetpack_featured_media_url":"https:\/\/radiocresatelital.com\/wp-content\/uploads\/2026\/01\/WhatsApp-Image-2026-01-27-at-12.33.24.jpeg","jetpack_sharing_enabled":true,"_links":{"self":[{"href":"https:\/\/radiocresatelital.com\/index.php?rest_route=\/wp\/v2\/posts\/46377","targetHints":{"allow":["GET"]}}],"collection":[{"href":"https:\/\/radiocresatelital.com\/index.php?rest_route=\/wp\/v2\/posts"}],"about":[{"href":"https:\/\/radiocresatelital.com\/index.php?rest_route=\/wp\/v2\/types\/post"}],"author":[{"embeddable":true,"href":"https:\/\/radiocresatelital.com\/index.php?rest_route=\/wp\/v2\/users\/2"}],"replies":[{"embeddable":true,"href":"https:\/\/radiocresatelital.com\/index.php?rest_route=%2Fwp%2Fv2%2Fcomments&post=46377"}],"version-history":[{"count":1,"href":"https:\/\/radiocresatelital.com\/index.php?rest_route=\/wp\/v2\/posts\/46377\/revisions"}],"predecessor-version":[{"id":46379,"href":"https:\/\/radiocresatelital.com\/index.php?rest_route=\/wp\/v2\/posts\/46377\/revisions\/46379"}],"wp:featuredmedia":[{"embeddable":true,"href":"https:\/\/radiocresatelital.com\/index.php?rest_route=\/wp\/v2\/media\/46378"}],"wp:attachment":[{"href":"https:\/\/radiocresatelital.com\/index.php?rest_route=%2Fwp%2Fv2%2Fmedia&parent=46377"}],"wp:term":[{"taxonomy":"category","embeddable":true,"href":"https:\/\/radiocresatelital.com\/index.php?rest_route=%2Fwp%2Fv2%2Fcategories&post=46377"},{"taxonomy":"post_tag","embeddable":true,"href":"https:\/\/radiocresatelital.com\/index.php?rest_route=%2Fwp%2Fv2%2Ftags&post=46377"}],"curies":[{"name":"wp","href":"https:\/\/api.w.org\/{rel}","templated":true}]}}